{"id":3663,"date":"2021-01-09T12:26:44","date_gmt":"2021-01-09T15:26:44","guid":{"rendered":"https:\/\/www.planodesaudebelem.com.br\/plano-de-saude-porto-dias-belem\/"},"modified":"2021-01-19T08:49:54","modified_gmt":"2021-01-19T11:49:54","slug":"plano-de-saude-porto-dias-belem","status":"publish","type":"post","link":"https:\/\/www.planodesaudebelem.com.br\/site\/plano-de-saude-porto-dias-belem\/","title":{"rendered":"Plano de Saude Porto Dias Belem"},"content":{"rendered":"<h2><span style=\"font-size: 18pt;\"><span style=\"background-color: #e8e8e8;\"><span style=\"font-family: 'Times New Roman',serif;\"><strong><span style=\"font-size: 25.5pt;\"><span style=\"font-family: 'Arial',sans-serif;\"><span style=\"color: #2d2d2d;\">Plano de Saude Porto Dias Bel\u00e9m<\/span><\/span><\/span><\/strong><\/span><\/span><\/span><\/h2>\n<p><span style=\"font-size: 12pt;\"><span style=\"background-color: #e8e8e8;\"><span style=\"font-family: 'Times New Roman',serif;\"><span style=\"font-size: 15.0pt;\"><span style=\"font-family: 'Arial',sans-serif;\"><span style=\"color: #6b6b6b;\">Cuidado com a sa\u00fade e o bem-estar do cliente \u00e9 a ess\u00eancia do Porto Dias Sa\u00fade, uma empresa comprometida com a qualidade na presta\u00e7\u00e3o dos servi\u00e7os e o atendimento personalizado.<\/span><\/span><\/span><\/span><\/span><\/span><\/p>\n<p><span style=\"font-size: 12pt;\"><span style=\"font-family: Arial,sans-serif;\">O Nosso objetivo \u00e9 garantir o seu bem-estar, para tanto, disponibilizamos a voc\u00ea uma ampla rede credenciada, com os melhores profissionais da \u00e1rea de sa\u00fade, sempre prezando pela qualidade, agilidade e seguran\u00e7a.<\/span><\/span><\/p>\n<h5><span style=\"font-size: 12pt;\"><span style=\"background-color: white;\"><span style=\"font-family: 'Calibri Light',sans-serif;\"><span style=\"color: #2e74b5;\"><span style=\"font-size: 15.0pt;\"><span style=\"font-family: 'Arial',sans-serif;\"><span style=\"color: black;\">Miss\u00e3o<\/span><\/span><\/span><\/span><\/span><\/span><\/span><\/h5>\n<p><span style=\"font-size: 12pt;\"><span style=\"background-color: white;\"><span style=\"font-family: 'Times New Roman',serif;\"><span style=\"font-family: 'Arial',sans-serif;\"><span style=\"color: #707070;\">Garantir a uma parte significativa da sociedade o acesso \u00e0 medicina avan\u00e7ada, alta tecnologia e qualidade.<\/span><\/span><\/span><\/span><\/span><\/p>\n<h5><span style=\"font-size: 12pt;\"><span style=\"background-color: white;\"><span style=\"font-family: 'Calibri Light',sans-serif;\"><span style=\"color: #2e74b5;\"><span style=\"font-size: 15.0pt;\"><span style=\"font-family: 'Arial',sans-serif;\"><span style=\"color: black;\">Vis\u00e3o<\/span><\/span><\/span><\/span><\/span><\/span><\/span><\/h5>\n<p><span style=\"font-size: 12pt;\"><span style=\"background-color: white;\"><span style=\"font-family: 'Times New Roman',serif;\"><span style=\"font-family: 'Arial',sans-serif;\"><span style=\"color: #707070;\">Ser a melhor e a maior empresa na promo\u00e7\u00e3o da sa\u00fade.<\/span><\/span><\/span><\/span><\/span><\/p>\n<h5><span style=\"font-size: 12pt;\"><span style=\"background-color: white;\"><span style=\"font-family: 'Calibri Light',sans-serif;\"><span style=\"color: #2e74b5;\"><span style=\"font-size: 15.0pt;\"><span style=\"font-family: 'Arial',sans-serif;\"><span style=\"color: black;\">Valores<\/span><\/span><\/span><\/span><\/span><\/span><\/span><\/h5>\n<p><span style=\"font-size: 12pt;\"><span style=\"background-color: white;\"><span style=\"font-family: 'Times New Roman',serif;\"><span style=\"font-family: 'Arial',sans-serif;\"><span style=\"color: #707070;\">\u00c9tica nas rela\u00e7\u00f5es; melhoria cont\u00ednua; transpar\u00eancia nas a\u00e7\u00f5es; satisfa\u00e7\u00e3o dos clientes, fornecedores, colaboradores e da comunidade.<\/span><\/span><\/span><\/span><\/span><\/p>\n<p>&nbsp;<\/p>\n<p><span style=\"font-size: 12pt;\"><span style=\"background-color: white;\"><span style=\"font-family: Arial,sans-serif;\"><strong><span style=\"font-size: 25.5pt;\"><span style=\"color: #2d2d2d;\">Conhe\u00e7a nossos Planos<\/span><\/span><\/strong><\/span><\/span><\/span><\/p>\n<p style=\"text-align: center;\"><span style=\"font-size: 12pt;\"><span style=\"background-color: white;\"><span style=\"font-family: Arial,sans-serif;\"><span style=\"font-size: 15.0pt;\"><span style=\"color: #6b6b6b;\">Nossos planos s\u00e3o diferenciados e possuem a cobertura necess\u00e1ria para sua seguran\u00e7a, tranquilidade e comodidade.<\/span><\/span><\/span><\/span><\/span><\/p>\n<p>&nbsp;<\/p>\n<p><span style=\"font-size: 12pt;\"><span style=\"font-family: Arial,sans-serif;\"><strong>Fa\u00e7a o Plano de Sa\u00fade da sua Empresa<\/strong><\/span><\/span><\/p>\n<p><span style=\"font-size: 12pt;\"><span style=\"font-family: Arial,sans-serif;\">Cuidado com a sa\u00fade e o bem-estar do cliente \u00e9 a ess\u00eancia do Porto Dias Sa\u00fade, uma empresa comprometida com a qualidade<\/span><\/span><\/p>\n<p>&nbsp;<\/p>\n<p><span style=\"font-size: 12pt;\"><span style=\"font-family: Arial,sans-serif;\"><strong>B\u00c1SICO COLETIVO EMPRESARIAL V\u00cdNCULO ATIVO\/INATIVO &#8211; C\u00d3D. ANS: 473815152<\/strong><\/span><\/span><\/p>\n<p><span style=\"font-size: 12pt;\"><span style=\"font-family: Arial,sans-serif;\"><strong>B\u00c1SICO COLETIVO EMPRESARIAL V\u00cdNCULO ATIVO\/INATIVO &#8211;<\/strong> C\u00d3D. ANS: 473815152 <\/span><\/span><\/p>\n<p><span style=\"font-size: 12pt;\"><span style=\"font-family: Arial,sans-serif;\">Contrata\u00e7\u00e3o: Coletivo Empresarial<\/span><\/span><\/p>\n<p><span style=\"font-size: 12pt;\"><span style=\"font-family: Arial,sans-serif;\">Segmenta\u00e7\u00e3o: AMBULATORIAL + HOSPITALAR COM OBSTETRICIA<\/span><\/span><\/p>\n<p><span style=\"font-size: 12pt;\"><span style=\"font-family: Arial,sans-serif;\">Acomoda\u00e7\u00e3o: COLETIVA<\/span><\/span><\/p>\n<p><span style=\"font-size: 12pt;\"><span style=\"font-family: Arial,sans-serif;\">Grupo de Munic\u00edpios<\/span><\/span><\/p>\n<p><span style=\"font-size: 12pt;\"><span style=\"font-family: Arial,sans-serif;\">Sem coparticipa\u00e7\u00e3o<\/span><\/span><\/p>\n<p>&nbsp;<\/p>\n<p><span style=\"font-size: 12pt;\"><span style=\"font-family: Arial,sans-serif;\"><strong>PLUS COLETIVO EMPRESARIAL VINCULO ATIVO\/INATIVO &#8211;<\/strong> C\u00d3D. ANS: 473818157 Contrata\u00e7\u00e3o: Coletivo Empresarial<\/span><\/span><\/p>\n<p>&nbsp;<\/p>\n<p><span style=\"font-size: 12pt;\"><span style=\"font-family: Arial,sans-serif;\"><strong>REFER\u00caNCIA COLETIVO EMPRESARIAL &#8211; C\u00d3D. ANS: 473812158<\/strong><\/span><\/span><\/p>\n<p><span style=\"font-size: 12pt;\"><span style=\"font-family: Arial,sans-serif;\">Contrata\u00e7\u00e3o: Coletivo Empresarial<\/span><\/span><\/p>\n<p><span style=\"font-size: 12pt;\"><span style=\"font-family: Arial,sans-serif;\">Segmenta\u00e7\u00e3o: REFER\u00caNCIA<\/span><\/span><\/p>\n<p><span style=\"font-size: 12pt;\"><span style=\"font-family: Arial,sans-serif;\">Acomoda\u00e7\u00e3o: COLETIVA<\/span><\/span><\/p>\n<p><span style=\"font-size: 12pt;\"><span style=\"font-family: Arial,sans-serif;\">Grupo de Municipios<\/span><\/span><\/p>\n<p><span style=\"font-size: 12pt;\"><span style=\"font-family: Arial,sans-serif;\">Sem coparticipa\u00e7\u00e3o<\/span><\/span><\/p>\n<p>&nbsp;<\/p>\n<p><span style=\"font-size: 12pt;\"><span style=\"font-family: Arial,sans-serif;\"><strong>PLUS COLETIVO ADESAO C\u00d3D. ANS: 474110152 <\/strong><\/span><\/span><\/p>\n<p><span style=\"font-size: 12pt;\"><span style=\"font-family: Arial,sans-serif;\">Contrata\u00e7\u00e3o: Coletivo por Adesao<\/span><\/span><\/p>\n<p><span style=\"font-size: 12pt;\"><span style=\"font-family: Arial,sans-serif;\">Segmenta\u00e7\u00e3o: AMBULATORIAL + HOSPITALAR COM OBSTETRICIA<\/span><\/span><\/p>\n<p><span style=\"font-size: 12pt;\"><span style=\"font-family: Arial,sans-serif;\">Acomoda\u00e7\u00e3o: COLETIVA<\/span><\/span><\/p>\n<p><span style=\"font-size: 12pt;\"><span style=\"font-family: Arial,sans-serif;\">Grupo de Municipios<\/span><\/span><\/p>\n<p><span style=\"font-size: 12pt;\"><span style=\"font-family: Arial,sans-serif;\">\u00a0<\/span><\/span><\/p>\n<p><span style=\"font-size: 12pt;\"><span style=\"font-family: Arial,sans-serif;\"><strong>B\u00c1SICO COLETIVO ADESAO &#8211; C\u00d3D. ANS: 474107152<\/strong> Contrata\u00e7\u00e3o: Coletivo por Adesao<\/span><\/span><\/p>\n<p>&nbsp;<\/p>\n<p><span style=\"font-size: 12pt;\"><span style=\"font-family: Arial,sans-serif;\"><strong>REFER\u00caNCIA COLETIVO ADESAO &#8211; C\u00d3D. ANS: 473811150<\/strong><\/span><\/span><\/p>\n<p><span style=\"font-size: 12pt;\"><span style=\"font-family: Arial,sans-serif;\">Contrata\u00e7\u00e3o: Coletivo por Adesao<\/span><\/span><\/p>\n<p><span style=\"font-size: 12pt;\"><span style=\"font-family: Arial,sans-serif;\">Segmenta\u00e7\u00e3o: REFER\u00caNCIA<\/span><\/span><\/p>\n<p><span style=\"font-size: 12pt;\"><span style=\"font-family: Arial,sans-serif;\">Acomoda\u00e7\u00e3o: COLETIVA<\/span><\/span><\/p>\n<p><span style=\"font-size: 12pt;\"><span style=\"font-family: Arial,sans-serif;\">Grupo de Municipios<\/span><\/span><\/p>\n<p><span style=\"font-size: 12pt;\"><span style=\"font-family: Arial,sans-serif;\">Sem coparticipa\u00e7\u00e3o<\/span><\/span><\/p>\n<p>&nbsp;<\/p>\n","protected":false},"excerpt":{"rendered":"<p>Plano de Saude Porto Dias Bel\u00e9m Cuidado com a sa\u00fade e o bem-estar do cliente \u00e9 a ess\u00eancia do Porto Dias Sa\u00fade, uma empresa comprometida com a qualidade na presta\u00e7\u00e3o dos servi\u00e7os e o atendimento personalizado. O Nosso objetivo \u00e9 garantir o seu bem-estar, para tanto, disponibilizamos a voc\u00ea uma ampla rede credenciada, com os [&hellip;]<\/p>\n","protected":false},"author":4,"featured_media":5113,"comment_status":"closed","ping_status":"closed","sticky":false,"template":"","format":"standard","meta":[],"categories":[4,6],"tags":[],"_links":{"self":[{"href":"https:\/\/www.planodesaudebelem.com.br\/site\/wp-json\/wp\/v2\/posts\/3663"}],"collection":[{"href":"https:\/\/www.planodesaudebelem.com.br\/site\/wp-json\/wp\/v2\/posts"}],"about":[{"href":"https:\/\/www.planodesaudebelem.com.br\/site\/wp-json\/wp\/v2\/types\/post"}],"author":[{"embeddable":true,"href":"https:\/\/www.planodesaudebelem.com.br\/site\/wp-json\/wp\/v2\/users\/4"}],"replies":[{"embeddable":true,"href":"https:\/\/www.planodesaudebelem.com.br\/site\/wp-json\/wp\/v2\/comments?post=3663"}],"version-history":[{"count":3,"href":"https:\/\/www.planodesaudebelem.com.br\/site\/wp-json\/wp\/v2\/posts\/3663\/revisions"}],"predecessor-version":[{"id":3695,"href":"https:\/\/www.planodesaudebelem.com.br\/site\/wp-json\/wp\/v2\/posts\/3663\/revisions\/3695"}],"wp:featuredmedia":[{"embeddable":true,"href":"https:\/\/www.planodesaudebelem.com.br\/site\/wp-json\/wp\/v2\/media\/5113"}],"wp:attachment":[{"href":"https:\/\/www.planodesaudebelem.com.br\/site\/wp-json\/wp\/v2\/media?parent=3663"}],"wp:term":[{"taxonomy":"category","embeddable":true,"href":"https:\/\/www.planodesaudebelem.com.br\/site\/wp-json\/wp\/v2\/categories?post=3663"},{"taxonomy":"post_tag","embeddable":true,"href":"https:\/\/www.planodesaudebelem.com.br\/site\/wp-json\/wp\/v2\/tags?post=3663"}],"curies":[{"name":"wp","href":"https:\/\/api.w.org\/{rel}","templated":true}]}}