{"id":3550,"date":"2020-12-28T11:40:12","date_gmt":"2020-12-28T14:40:12","guid":{"rendered":"https:\/\/www.planodesaudebelem.com.br\/?p=3550"},"modified":"2020-12-28T12:07:25","modified_gmt":"2020-12-28T15:07:25","slug":"plano-de-saude-amil-adesao","status":"publish","type":"post","link":"https:\/\/www.planodesaudebelem.com.br\/site\/plano-de-saude-amil-adesao\/","title":{"rendered":"Plano de Saude Amil Ades\u00e3o"},"content":{"rendered":"<h2 class=\"titulo_txt\">Temos o plano de ades\u00e3o ideal para Voc\u00ea<\/h2>\n<h3 class=\"subtitulo_txt\">Condi\u00e7\u00f5es Especiais<\/h3>\n<p class=\"txt_geral\">O\u00a0<strong>plano de sa\u00fade Amil ades\u00e3o<\/strong>\u00a0\u00e9 destinado a profissionais liberais, funcion\u00e1rios p\u00fablicos, estudantes do ensino fundamental e m\u00e9dio, regulares e supletivos, p\u00fablicos e privados, incluindo tamb\u00e9m cursos t\u00e9cnicos e pr\u00e9 vestibulares, por meio do processo de associa\u00e7\u00f5es de classe, mais conhecida como op\u00e7\u00e3o por Ades\u00e3o, que garante um atendimento pleno e uma ampla rede credenciada abrangente e\u00a0<strong>refer\u00eancia em alto n\u00edvel de tecnologia em equipamento e procedimentos.<\/strong><\/p>\n<p class=\"txt_geral\">O plano traz benef\u00edcios especiais para o grupo em toda a linha de produtos da Amil sa\u00fade, como a redu\u00e7\u00e3o das mensalidades, condi\u00e7\u00f5es e coberturas especiais adaptadas com um melhor aproveitamento de car\u00eancias e servi\u00e7os.<\/p>\n<h4>Modalidades<\/h4>\n<p class=\"txt_geral\">S\u00e3o 4 modalidades que atendem e se adaptam a diferentes perfis profissionais: Blue 300, Blue 400, Blue 500 e Blue 600. Confira as categorias dispon\u00edveis:<\/p>\n<ul>\n<li>CRC-SP Contabilista<\/li>\n<li>FNA Arquiteto<\/li>\n<li>MUTUA Engenheiro<\/li>\n<li>SAESP Administrador<\/li>\n<li>UBES Estudante<\/li>\n<li>UNE Estudante Universitario<\/li>\n<li>e outros.<\/li>\n<\/ul>\n<p>&nbsp;<\/p>\n<h1>P\u00fablicos Alvo &#8211; Profissionais Aceitos<\/h1>\n<ul>\n<li>Administrador<\/li>\n<li>Advogado<\/li>\n<li>Biomedico<\/li>\n<li>Comerciario<\/li>\n<li>Contabilista<\/li>\n<li>Economista<\/li>\n<li>e outros.<\/li>\n<\/ul>\n<p><strong>Entre em contato e solicite informa\u00e7\u00f5es completas do seu plano.<\/strong><\/p>\n","protected":false},"excerpt":{"rendered":"<p>Temos o plano de ades\u00e3o ideal para Voc\u00ea Condi\u00e7\u00f5es Especiais O\u00a0plano de sa\u00fade Amil ades\u00e3o\u00a0\u00e9 destinado a profissionais liberais, funcion\u00e1rios p\u00fablicos, estudantes do ensino fundamental e m\u00e9dio, regulares e supletivos, p\u00fablicos e privados, incluindo tamb\u00e9m cursos t\u00e9cnicos e pr\u00e9 vestibulares, por meio do processo de associa\u00e7\u00f5es de classe, mais conhecida como op\u00e7\u00e3o por Ades\u00e3o, que [&hellip;]<\/p>\n","protected":false},"author":4,"featured_media":0,"comment_status":"closed","ping_status":"closed","sticky":false,"template":"","format":"standard","meta":[],"categories":[20,5],"tags":[],"_links":{"self":[{"href":"https:\/\/www.planodesaudebelem.com.br\/site\/wp-json\/wp\/v2\/posts\/3550"}],"collection":[{"href":"https:\/\/www.planodesaudebelem.com.br\/site\/wp-json\/wp\/v2\/posts"}],"about":[{"href":"https:\/\/www.planodesaudebelem.com.br\/site\/wp-json\/wp\/v2\/types\/post"}],"author":[{"embeddable":true,"href":"https:\/\/www.planodesaudebelem.com.br\/site\/wp-json\/wp\/v2\/users\/4"}],"replies":[{"embeddable":true,"href":"https:\/\/www.planodesaudebelem.com.br\/site\/wp-json\/wp\/v2\/comments?post=3550"}],"version-history":[{"count":1,"href":"https:\/\/www.planodesaudebelem.com.br\/site\/wp-json\/wp\/v2\/posts\/3550\/revisions"}],"predecessor-version":[{"id":3551,"href":"https:\/\/www.planodesaudebelem.com.br\/site\/wp-json\/wp\/v2\/posts\/3550\/revisions\/3551"}],"wp:attachment":[{"href":"https:\/\/www.planodesaudebelem.com.br\/site\/wp-json\/wp\/v2\/media?parent=3550"}],"wp:term":[{"taxonomy":"category","embeddable":true,"href":"https:\/\/www.planodesaudebelem.com.br\/site\/wp-json\/wp\/v2\/categories?post=3550"},{"taxonomy":"post_tag","embeddable":true,"href":"https:\/\/www.planodesaudebelem.com.br\/site\/wp-json\/wp\/v2\/tags?post=3550"}],"curies":[{"name":"wp","href":"https:\/\/api.w.org\/{rel}","templated":true}]}}