{"id":3540,"date":"2020-12-28T09:32:17","date_gmt":"2020-12-28T12:32:17","guid":{"rendered":"https:\/\/www.planodesaudebelem.com.br\/?p=3540"},"modified":"2020-12-28T09:32:17","modified_gmt":"2020-12-28T12:32:17","slug":"planos-amil-facil","status":"publish","type":"post","link":"https:\/\/www.planodesaudebelem.com.br\/site\/planos-amil-facil\/","title":{"rendered":"Planos Amil F\u00e1cil"},"content":{"rendered":"<h1><strong>Planos Amil F\u00e1cil<\/strong><\/h1>\n<p>Simplicidade e efici\u00eancia para garantir cuidado certo com pre\u00e7os acess\u00edveis. Tudo \u00e1gil. Tudo f\u00e1cil.<\/p>\n<p>&nbsp;<\/p>\n<h1>Plano Amil Facil S40 SP<\/h1>\n<p><strong>Diferenciais:<\/strong><\/p>\n<ul>\n<li>Cobertura regional em 8 munic\u00edpios: S\u00e3o Paulo, Tabo\u00e3o da Serra, Osasco, Carapicu\u00edba, Embu das Artes, Barueri, Caieiras e Itapecerica da Serra.<\/li>\n<li>Rede com hospitais verticalizados: Hospital da Luz, Vit\u00f3ria An\u00e1lia Franco, Next Butant\u00e3 e Next Santo Amaro.<\/li>\n<li>Com ou sem coparticipa\u00e7\u00e3o<\/li>\n<li>Urg\u00eancia e Emerg\u00eancia Nacional (por 12 meses)<\/li>\n<li>Telemedicina Amil<\/li>\n<li>Desconto Farm\u00e1cia<\/li>\n<li>Amil Ligue Sa\u00fade<\/li>\n<li>Acesso ao Amil Espa\u00e7o Sa\u00fade e Programas de Sa\u00fade<\/li>\n<li>Dispon\u00edvel contrata\u00e7\u00e3o de Assist\u00eancia Viagem Internacional<br \/>\n<h1><\/h1>\n<h1>\u00a0Plano Amil Facil S40 GRU E REGI\u00c3O<\/h1>\n<h4>Diferenciais:<\/h4>\n<ul>\n<li><span style=\"font-style: inherit; font-weight: inherit;\">Cobertura regional em 7 munic\u00edpios: Guarulhos, Aruj\u00e1, Itaquaquecetuba, Ferraz de Vasconcelos, Po\u00e1, Suzano e Mogi das Cruzes<\/span><\/li>\n<li><span style=\"font-style: inherit; font-weight: inherit;\">Rede com hospitais verticalizados: Hospital Carlos Chagas, Hospital Ipiranga Aruj\u00e1 e Hospital Ipiranga Mogi das Cruzes.<\/span><\/li>\n<li><span style=\"font-style: inherit; font-weight: inherit;\">Com ou sem coparticipa\u00e7\u00e3o<\/span><\/li>\n<li><span style=\"font-style: inherit; font-weight: inherit;\">Urg\u00eancia e Emerg\u00eancia Nacional (por 12 meses)<\/span><\/li>\n<li><span style=\"font-style: inherit; font-weight: inherit;\">Telemedicina Amil<\/span><\/li>\n<li><span style=\"font-style: inherit; font-weight: inherit;\">Desconto Farm\u00e1cia<\/span><\/li>\n<li><span style=\"font-style: inherit; font-weight: inherit;\">Amil Ligue Sa\u00fade<\/span><\/li>\n<li><span style=\"font-style: inherit; font-weight: inherit;\">Acesso ao Amil Espa\u00e7o Sa\u00fade e Programas de Sa\u00fade<\/span><\/li>\n<li><span style=\"font-style: inherit; font-weight: inherit;\">Dispon\u00edvel contrata\u00e7\u00e3o de Assist\u00eancia Viagem Internacional<\/span><\/li>\n<\/ul>\n<p>&nbsp;<\/p>\n<h1>Plano Amil Facil S40 RJ<\/h1>\n<h4>Diferenciais:<\/h4>\n<ul>\n<li><span style=\"font-style: inherit; font-weight: inherit;\">Cobertura regional em 7 munic\u00edpios: Rio de Janeiro, Duque de Caxias, S\u00e3o Jo\u00e3o do Meriti, Belford Roxo, Mesquita, Nil\u00f3polis e Nova Igua\u00e7u.<\/span><\/li>\n<li><span style=\"font-style: inherit; font-weight: inherit;\">Rede com hospitais verticalizados: Hospital Pasteur, Hospital Mario Lioni, HCJ \u2013 Hospital de Cl\u00ednicas de Jacarepagu\u00e1 e Hospital Panamericano.<\/span><\/li>\n<li><span style=\"font-style: inherit; font-weight: inherit;\">Com ou sem coparticipa\u00e7\u00e3o<\/span><\/li>\n<li><span style=\"font-style: inherit; font-weight: inherit;\">Urg\u00eancia e Emerg\u00eancia Nacional (por 12 meses)<\/span><\/li>\n<li><span style=\"font-style: inherit; font-weight: inherit;\">Telemedicina Amil<\/span><\/li>\n<li><span style=\"font-style: inherit; font-weight: inherit;\">Desconto Farm\u00e1cia<\/span><\/li>\n<li><span style=\"font-style: inherit; font-weight: inherit;\">Amil Ligue Sa\u00fade<\/span><\/li>\n<li><span style=\"font-style: inherit; font-weight: inherit;\">Acesso ao Amil Espa\u00e7o Sa\u00fade e Programas de Sa\u00fade<\/span><\/li>\n<li><span style=\"font-style: inherit; font-weight: inherit;\">Dispon\u00edvel contrata\u00e7\u00e3o de Assist\u00eancia Viagem Internacional<\/span><\/li>\n<\/ul>\n<p>&nbsp;<\/p>\n<h1>Plano Amil Facil S60<\/h1>\n<h4>Diferenciais:<\/h4>\n<ul>\n<li><span style=\"font-style: inherit; font-weight: inherit;\">Cobertura regional para as \u00e1reas metropolitanas de SP, RJ e PR<\/span><\/li>\n<li><span style=\"font-style: inherit; font-weight: inherit;\">Maior abrang\u00eancia de cidades<\/span><\/li>\n<li><span style=\"font-style: inherit; font-weight: inherit;\">Rede com hospitais certificados<\/span><\/li>\n<li><span style=\"font-style: inherit; font-weight: inherit;\">Com ou sem coparticipa\u00e7\u00e3o<\/span><\/li>\n<li><span style=\"font-style: inherit; font-weight: inherit;\">Urg\u00eancia e Emerg\u00eancia Nacional (por 12 meses)<\/span><\/li>\n<li><span style=\"font-style: inherit; font-weight: inherit;\">Telemedicina Amil<\/span><\/li>\n<li><span style=\"font-style: inherit; font-weight: inherit;\">Desconto Farm\u00e1cia<\/span><\/li>\n<li><span style=\"font-style: inherit; font-weight: inherit;\">Amil Ligue Sa\u00fade<\/span><\/li>\n<li><span style=\"font-style: inherit; font-weight: inherit;\">Acesso ao Amil Espa\u00e7o Sa\u00fade<\/span><\/li>\n<li><span style=\"font-style: inherit; font-weight: inherit;\">Pre\u00e7os acess\u00edveis<\/span><\/li>\n<li><span style=\"font-style: inherit; font-weight: inherit;\">Dispon\u00edvel contrata\u00e7\u00e3o de Assist\u00eancia Viagem Internacional<\/span><\/li>\n<\/ul>\n<p>&nbsp;<\/p>\n<h1>Plano Amil Facil S80<\/h1>\n<h4>Diferenciais:<\/h4>\n<ul>\n<li><span style=\"font-style: inherit; font-weight: inherit;\">Primeiro produto multirregional do mercado com cobertura em 91 cidades de 05 estados: SP, RJ, PR, DF e PE<\/span><\/li>\n<li><span style=\"font-style: inherit; font-weight: inherit;\">Rede com hospitais certificados<\/span><\/li>\n<li><span style=\"font-style: inherit; font-weight: inherit;\">Com ou sem coparticipa\u00e7\u00e3o<\/span><\/li>\n<li><span style=\"font-style: inherit; font-weight: inherit;\">Urg\u00eancia e Emerg\u00eancia Nacional (por 12 meses)<\/span><\/li>\n<li><span style=\"font-style: inherit; font-weight: inherit;\">Telemedicina Amil<\/span><\/li>\n<li><span style=\"font-style: inherit; font-weight: inherit;\">Desconto Farm\u00e1cia<\/span><\/li>\n<li><span style=\"font-style: inherit; font-weight: inherit;\">Amil Ligue Sa\u00fade<\/span><\/li>\n<li><span style=\"font-style: inherit; font-weight: inherit;\">Acesso ao Amil Espa\u00e7o Sa\u00fade<\/span><\/li>\n<li><span style=\"font-style: inherit; font-weight: inherit;\">Pre\u00e7os acess\u00edveis<\/span><\/li>\n<li><span style=\"font-style: inherit; font-weight: inherit;\">Dispon\u00edvel contrata\u00e7\u00e3o de Assist\u00eancia Viagem Internacional<\/span><\/li>\n<\/ul>\n<p>&nbsp;<\/li>\n<\/ul>\n","protected":false},"excerpt":{"rendered":"<p>Planos Amil F\u00e1cil Simplicidade e efici\u00eancia para garantir cuidado certo com pre\u00e7os acess\u00edveis. Tudo \u00e1gil. Tudo f\u00e1cil. &nbsp; Plano Amil Facil S40 SP Diferenciais: Cobertura regional em 8 munic\u00edpios: S\u00e3o Paulo, Tabo\u00e3o da Serra, Osasco, Carapicu\u00edba, Embu das Artes, Barueri, Caieiras e Itapecerica da Serra. Rede com hospitais verticalizados: Hospital da Luz, Vit\u00f3ria An\u00e1lia Franco, [&hellip;]<\/p>\n","protected":false},"author":4,"featured_media":0,"comment_status":"closed","ping_status":"closed","sticky":false,"template":"","format":"standard","meta":[],"categories":[20],"tags":[],"_links":{"self":[{"href":"https:\/\/www.planodesaudebelem.com.br\/site\/wp-json\/wp\/v2\/posts\/3540"}],"collection":[{"href":"https:\/\/www.planodesaudebelem.com.br\/site\/wp-json\/wp\/v2\/posts"}],"about":[{"href":"https:\/\/www.planodesaudebelem.com.br\/site\/wp-json\/wp\/v2\/types\/post"}],"author":[{"embeddable":true,"href":"https:\/\/www.planodesaudebelem.com.br\/site\/wp-json\/wp\/v2\/users\/4"}],"replies":[{"embeddable":true,"href":"https:\/\/www.planodesaudebelem.com.br\/site\/wp-json\/wp\/v2\/comments?post=3540"}],"version-history":[{"count":2,"href":"https:\/\/www.planodesaudebelem.com.br\/site\/wp-json\/wp\/v2\/posts\/3540\/revisions"}],"predecessor-version":[{"id":3542,"href":"https:\/\/www.planodesaudebelem.com.br\/site\/wp-json\/wp\/v2\/posts\/3540\/revisions\/3542"}],"wp:attachment":[{"href":"https:\/\/www.planodesaudebelem.com.br\/site\/wp-json\/wp\/v2\/media?parent=3540"}],"wp:term":[{"taxonomy":"category","embeddable":true,"href":"https:\/\/www.planodesaudebelem.com.br\/site\/wp-json\/wp\/v2\/categories?post=3540"},{"taxonomy":"post_tag","embeddable":true,"href":"https:\/\/www.planodesaudebelem.com.br\/site\/wp-json\/wp\/v2\/tags?post=3540"}],"curies":[{"name":"wp","href":"https:\/\/api.w.org\/{rel}","templated":true}]}}