{"id":3535,"date":"2020-12-28T09:26:06","date_gmt":"2020-12-28T12:26:06","guid":{"rendered":"https:\/\/www.planodesaudebelem.com.br\/plano-de-saude-amil-belem\/"},"modified":"2021-01-19T14:16:20","modified_gmt":"2021-01-19T17:16:20","slug":"plano-de-saude-amil-belem","status":"publish","type":"post","link":"https:\/\/www.planodesaudebelem.com.br\/site\/plano-de-saude-amil-belem\/","title":{"rendered":"Plano de Saude Amil Belem"},"content":{"rendered":"\t\t<div data-elementor-type=\"wp-post\" data-elementor-id=\"3535\" class=\"elementor elementor-3535\">\n\t\t\t\t\t\t<div class=\"elementor-inner\">\n\t\t\t\t<div class=\"elementor-section-wrap\">\n\t\t\t\t\t\t\t\t\t<section class=\"elementor-section elementor-top-section elementor-element elementor-element-206e028c elementor-section-boxed elementor-section-height-default elementor-section-height-default\" data-id=\"206e028c\" data-element_type=\"section\">\n\t\t\t\t\t\t<div class=\"elementor-container elementor-column-gap-default\">\n\t\t\t\t\t\t\t<div class=\"elementor-row\">\n\t\t\t\t\t<div class=\"elementor-column elementor-col-100 elementor-top-column elementor-element elementor-element-44712dda\" data-id=\"44712dda\" data-element_type=\"column\">\n\t\t\t<div class=\"elementor-column-wrap elementor-element-populated\">\n\t\t\t\t\t\t\t<div class=\"elementor-widget-wrap\">\n\t\t\t\t\t\t<div class=\"elementor-element elementor-element-20db3a31 elementor-widget elementor-widget-text-editor\" data-id=\"20db3a31\" data-element_type=\"widget\" data-widget_type=\"text-editor.default\">\n\t\t\t\t<div class=\"elementor-widget-container\">\n\t\t\t\t\t\t\t\t<div class=\"elementor-text-editor elementor-clearfix\">\n\t\t\t\t<strong style=\"color: #2e74b5;\"><span style=\"font-family: 'Arial',sans-serif;\"><span style=\"color: #00adff;\">Planos m\u00e9dicos Amil:<\/span><\/span><\/strong>\n\n<span style=\"font-size: 12pt;\"><span style=\"background-color: white;\"><span style=\"font-family: 'Times New Roman',serif;\"><span style=\"font-family: 'Arial',sans-serif;\"><span style=\"color: #28235c;\">Oferecemos\u00a0<strong><span style=\"font-family: 'Arial',sans-serif;\">planos m\u00e9dicos e odontol\u00f3gicos<\/span><\/strong>\u00a0com todo o cuidado que voc\u00ea, sua fam\u00edlia ou sua empresa precisam.<\/span><\/span><\/span><\/span><\/span>\n<ol>\n \t<li><span style=\"font-size: 12pt;\"><span style=\"background-color: white;\"><span style=\"font-family: 'Times New Roman',serif;\"><span style=\"font-family: 'Arial',sans-serif;\"><span style=\"color: #28235c;\"><strong>Amil Facil:<\/strong> Criado com os conceitos de simplicidade, efici\u00eancia e cuidado, o Amil F\u00e1cil oferece planos regionais com excelente custo-benef\u00edcio.<\/span><\/span><\/span><\/span><\/span><\/li>\n \t<li><span style=\"font-size: 12pt;\"><span style=\"background-color: white;\"><span style=\"font-family: 'Times New Roman',serif;\"><span style=\"font-family: 'Arial',sans-serif;\"><span style=\"color: #28235c;\"><strong>Amil<\/strong>: Planos m\u00e9dicos com abrang\u00eancia nacional ou regional, oferecendo a op\u00e7\u00e3o de coparticipa\u00e7\u00e3o e de reembolso.<\/span><\/span><\/span><\/span><\/span><\/li>\n \t<li><span style=\"font-size: 12pt;\"><span style=\"background-color: white;\"><span style=\"font-family: 'Times New Roman',serif;\"><span style=\"font-family: 'Arial',sans-serif;\"><span style=\"color: #28235c;\">Amil <strong>One<\/strong>: L\u00edder no segmento premium, a Amil One alia conveni\u00eancia e exclusividade para entregar a melhor experi\u00eancia em sa\u00fade e bem-estar.<\/span><\/span><\/span><\/span><\/span><\/li>\n \t<li><span style=\"font-size: 12pt;\"><span style=\"background-color: white;\"><span style=\"font-family: 'Times New Roman',serif;\"><span style=\"font-family: 'Arial',sans-serif;\"><span style=\"color: #28235c;\">Amil <strong>Dental<\/strong>: Um sorriso saud\u00e1vel faz toda a diferen\u00e7a. A Amil Dental conta com uma ampla rede de dentistas, com acesso r\u00e1pido e f\u00e1cil, al\u00e9m de contrata\u00e7\u00e3o totalmente online.<\/span><\/span><\/span><\/span><\/span><\/li>\n<\/ol>\n<div style=\"border-bottom: solid #2d2d2d 1.0pt; padding: 0cm 0cm 30.0pt 0cm;\">\n<h1><span style=\"background-color: white;\"><span style=\"font-size: 16pt;\"><span style=\"background-color: white;\"><span style=\"font-family: 'Calibri Light',sans-serif;\"><span style=\"color: #2e74b5;\"><strong><span style=\"font-family: 'Arial',sans-serif;\"><span style=\"color: #00adff;\">Amil em n\u00fameros:<\/span><\/span><\/strong><\/span><\/span><\/span><\/span><\/span><\/h1>\n<\/div>\n<span style=\"font-size: 12pt;\"><span style=\"background-color: white;\"><span style=\"font-family: 'Times New Roman',serif;\"><span style=\"font-family: 'Arial',sans-serif;\"><span style=\"color: #28235c;\">Cerca de <\/span><\/span><\/span><\/span><\/span><span style=\"font-size: 1.57143rem;\"><span style=\"background-color: white;\"><span style=\"font-family: 'Calibri Light',sans-serif;\"><span style=\"color: #1f4d78;\"><strong><span style=\"font-family: 'inherit',serif;\"><span style=\"color: #00adff;\">6,2 Milh\u00f5es <\/span><\/span><\/strong><\/span><\/span><\/span><\/span><span style=\"font-size: 12pt;\"><span style=\"background-color: white;\"><span style=\"font-family: 'Times New Roman',serif;\"><span style=\"font-family: 'Arial',sans-serif;\"><span style=\"color: #28235c;\">de benefici\u00e1rios<\/span><\/span><\/span><\/span><\/span>\n<h3><span style=\"font-size: 1.57143rem;\"><span style=\"background-color: white;\"><span style=\"font-family: 'Calibri Light',sans-serif;\"><span style=\"color: #1f4d78;\"><strong><span style=\"font-family: 'inherit',serif;\"><span style=\"color: #00adff;\">+363 mil <\/span><\/span><\/strong><\/span><\/span><\/span><\/span><span style=\"font-size: 12pt;\"><span style=\"background-color: white;\"><span style=\"font-family: 'Times New Roman',serif;\"><span style=\"font-family: 'Arial',sans-serif;\"><span style=\"color: #28235c;\">empresas clientes<\/span><\/span><\/span><\/span><\/span><\/h3>\n<span style=\"font-size: 12pt;\"><span style=\"background-color: white;\"><span style=\"font-family: 'Times New Roman',serif;\"><span style=\"font-family: 'Arial',sans-serif;\"><span style=\"color: #28235c;\">Cerca de <\/span><\/span><\/span><\/span><\/span><span style=\"font-size: 1.57143rem;\"><span style=\"background-color: white;\"><span style=\"font-family: 'Calibri Light',sans-serif;\"><span style=\"color: #1f4d78;\"><strong><span style=\"font-family: 'inherit',serif;\"><span style=\"color: #00adff;\">20 mil <\/span><\/span><\/strong><\/span><\/span><\/span><\/span><span style=\"font-size: 12pt;\"><span style=\"background-color: white;\"><span style=\"font-family: 'Times New Roman',serif;\"><span style=\"font-family: 'Arial',sans-serif;\"><span style=\"color: #28235c;\">m\u00e9dicos (consult\u00f3rios e cl\u00ednicas) credenciados<\/span><\/span><\/span><\/span><\/span>\n<h3><span style=\"font-size: 1.57143rem;\"><span style=\"background-color: white;\"><span style=\"font-family: 'Calibri Light',sans-serif;\"><span style=\"color: #1f4d78;\"><strong><span style=\"font-family: 'inherit',serif;\"><span style=\"color: #00adff;\">+5,9 mil <\/span><\/span><\/strong><\/span><\/span><\/span><\/span><span style=\"font-size: 12pt;\"><span style=\"background-color: white;\"><span style=\"font-family: 'Times New Roman',serif;\"><span style=\"font-family: 'Arial',sans-serif;\"><span style=\"color: #28235c;\">laborat\u00f3rios e centros de diagn\u00f3sticos credenciados<\/span><\/span><\/span><\/span><\/span><\/h3>\n<h3><span style=\"font-size: 1.57143rem;\"><span style=\"background-color: white;\"><span style=\"font-family: 'Calibri Light',sans-serif;\"><span style=\"color: #1f4d78;\"><strong><span style=\"font-family: 'inherit',serif;\"><span style=\"color: #00adff;\">+1,7 mil <\/span><\/span><\/strong><\/span><\/span><\/span><\/span><span style=\"font-size: 12pt;\"><span style=\"background-color: white;\"><span style=\"font-family: 'Times New Roman',serif;\"><span style=\"font-family: 'Arial',sans-serif;\"><span style=\"color: #28235c;\">hospitais credenciados<\/span><\/span><\/span><\/span><\/span><\/h3>\n<h3><span style=\"font-size: 1.57143rem;\"><span style=\"background-color: white;\"><span style=\"font-family: 'Calibri Light',sans-serif;\"><span style=\"color: #1f4d78;\"><strong><span style=\"font-family: 'inherit',serif;\"><span style=\"color: #00adff;\">+38,7 mil <\/span><\/span><\/strong><\/span><\/span><\/span><\/span><span style=\"font-size: 12pt;\"><span style=\"background-color: white;\"><span style=\"font-family: 'Times New Roman',serif;\"><span style=\"font-family: 'Arial',sans-serif;\"><span style=\"color: #28235c;\">op\u00e7\u00f5es de atendimento na rede credenciada odontol\u00f3gica<\/span><\/span><\/span><\/span><\/span><\/h3>\n<span style=\"font-size: 12pt;\"><span style=\"background-color: white;\"><span style=\"font-family: 'Times New Roman',serif;\"><span style=\"font-family: 'Arial',sans-serif;\"><span style=\"color: #28235c;\">Cerca de <\/span><\/span><\/span><\/span><\/span><span style=\"font-size: 1.57143rem;\"><span style=\"background-color: white;\"><span style=\"font-family: 'Calibri Light',sans-serif;\"><span style=\"color: #1f4d78;\"><strong><span style=\"font-family: 'inherit',serif;\"><span style=\"color: #00adff;\">20 mil <\/span><\/span><\/strong><\/span><\/span><\/span><\/span><span style=\"font-size: 12pt;\"><span style=\"background-color: white;\"><span style=\"font-family: 'Times New Roman',serif;\"><span style=\"font-family: 'Arial',sans-serif;\"><span style=\"color: #28235c;\">colaboradores<\/span><\/span><\/span><\/span><\/span>\n<h3><span style=\"font-size: 1.57143rem;\"><span style=\"background-color: white;\"><span style=\"font-family: 'Calibri Light',sans-serif;\"><span style=\"color: #1f4d78;\"><strong><span style=\"font-family: 'inherit',serif;\"><span style=\"color: #00adff;\">14 <\/span><\/span><\/strong><\/span><\/span><\/span><\/span><span style=\"font-size: 12pt;\"><span style=\"background-color: white;\"><span style=\"font-family: 'Times New Roman',serif;\"><span style=\"font-family: 'Arial',sans-serif;\"><span style=\"color: #28235c;\">unidades hospitalares<\/span><\/span><\/span><\/span><\/span><\/h3>\n<h3><span style=\"font-size: 1.57143rem;\"><span style=\"background-color: white;\"><span style=\"font-family: 'Calibri Light',sans-serif;\"><span style=\"color: #1f4d78;\"><strong><span style=\"font-family: 'inherit',serif;\"><span style=\"color: #00adff;\">75 <\/span><\/span><\/strong><\/span><\/span><\/span><\/span><span style=\"font-size: 12pt;\"><span style=\"background-color: white;\"><span style=\"font-family: 'Times New Roman',serif;\"><span style=\"font-family: 'Arial',sans-serif;\"><span style=\"color: #28235c;\">unidades ambulatoriais,\nque incluem centros m\u00e9dicos e\ncl\u00ednicas do Amil Espa\u00e7o Sa\u00fade<\/span><\/span><\/span><\/span><\/span><\/h3>\n<h3><span style=\"font-size: 1.57143rem;\"><span style=\"background-color: white;\"><span style=\"font-family: 'Calibri Light',sans-serif;\"><span style=\"color: #1f4d78;\"><strong><span style=\"font-family: 'inherit',serif;\"><span style=\"color: #00adff;\">26 <\/span><\/span><\/strong><\/span><\/span><\/span><\/span><span style=\"font-size: 12pt;\"><span style=\"background-color: white;\"><span style=\"font-family: 'Times New Roman',serif;\"><span style=\"font-family: 'Arial',sans-serif;\"><span style=\"color: #28235c;\">estados atendidos e o Distrito Federal<\/span><\/span><\/span><\/span><\/span><\/h3>\n<span style=\"font-size: 12pt;\"><span style=\"background-color: white;\"><span style=\"font-family: 'Times New Roman',serif;\"><span style=\"font-family: 'Arial',sans-serif;\"><span style=\"color: #28235c;\">Refer\u00eancia: Abril\/2019.<\/span><\/span><\/span><\/span><\/span>\n\n&nbsp;\n\nResponsabilidade Social: Responsabilidade Social O compromisso com uma vida mais saud\u00e1vel tamb\u00e9m est\u00e1 em nossa atua\u00e7\u00e3o socialmente respons\u00e1vel, que tem como principal bandeira a luta contra a obesidade infantil. Em janeiro de 2014, iniciamos o movimento Obesidade Infantil N\u00c3O, com o objetivo de conscientizar a sociedade sobre a exist\u00eancia de uma epidemia da doen\u00e7a no pa\u00eds \u2013 uma em cada tr\u00eas crian\u00e7as brasileiras est\u00e1 acima do peso, segundo pesquisa do Instituto Brasileiro de Geografia e Estat\u00edstica (IBGE), em parceria com o Minist\u00e9rio da Sa\u00fade.\n\n<span style=\"font-size: 12pt;\"><span style=\"background-color: white;\"><span style=\"font-family: 'Times New Roman',serif;\"><span style=\"font-family: 'Arial',sans-serif;\"><span style=\"color: #28235c;\">S\u00e3o unidades que contam com equipes multidisciplinares, compostas por m\u00e9dicos, enfermeiros e agentes de sa\u00fade, focadas no modelo de Aten\u00e7\u00e3o Prim\u00e1ria e Coordena\u00e7\u00e3o do Cuidado<\/span><\/span><\/span><\/span><\/span>\n<h4><span style=\"font-size: 1.5rem;\"><span style=\"background-color: white;\"><span style=\"color: inherit;\"><span style=\"font-family: 'Times New Roman',serif;\"><strong><span style=\"font-family: 'inherit',serif;\"><span style=\"color: #28235c;\">Vantagens:<\/span><\/span><\/strong><\/span><\/span><\/span><\/span><\/h4>\n<ul>\n \t<li><span style=\"font-size: 12pt;\"><span style=\"background-color: white;\"><span style=\"font-family: Arial,sans-serif;\"><span style=\"color: #28235c;\">Atendimento mais pr\u00f3ximo e mais r\u00e1pido.<\/span><\/span><\/span><\/span><\/li>\n \t<li><span style=\"font-size: 12pt;\"><span style=\"background-color: white;\"><span style=\"font-family: Arial,sans-serif;\"><span style=\"color: #28235c;\">Possibilidade de realizar consultas e exames no mesmo lugar.<\/span><\/span><\/span><\/span><\/li>\n \t<li><span style=\"font-size: 12pt;\"><span style=\"background-color: white;\"><span style=\"font-family: Arial,sans-serif;\"><span style=\"color: #28235c;\">Ter um m\u00e9dico de fam\u00edlia para fazer todo o acompanhamento do seu hist\u00f3rico de atendimento.<\/span><\/span><\/span><\/span><\/li>\n \t<li><span style=\"font-size: 12pt;\"><span style=\"background-color: white;\"><span style=\"font-family: Arial,sans-serif;\"><span style=\"color: #28235c;\">Receber orienta\u00e7\u00f5es sobre Programas de Sa\u00fade.<\/span><\/span><\/span><\/span><\/li>\n \t<li><span style=\"font-size: 12pt;\"><span style=\"background-color: white;\"><span style=\"font-family: Arial,sans-serif;\"><span style=\"color: #28235c;\">Agendamento de consulta em at\u00e9 48h.<\/span><\/span><\/span><\/span><\/li>\n<\/ul>\n<h2><\/h2>\n<h2><span style=\"font-size: 13pt;\"><span style=\"background-color: white;\"><span style=\"font-family: 'Calibri Light',sans-serif;\"><span style=\"color: #2e74b5;\"><strong><span style=\"font-family: 'inherit',serif;\"><span style=\"color: #28235c;\">Programas de Sa\u00fade:<\/span><\/span><\/strong><\/span><\/span><\/span><\/span><\/h2>\n<span style=\"font-size: 12pt;\"><span style=\"background-color: white;\"><span style=\"font-family: Arial,sans-serif;\"><span style=\"color: #28235c;\">Exclusivos da Amil, proporcionam um cuidado ainda mais pr\u00f3ximo e eficiente. Voc\u00ea e sua fam\u00edlia ter\u00e3o acesso aos programas nas unidades Amil Espa\u00e7o Sa\u00fade. S\u00e3o eles*:<\/span><\/span><\/span><\/span>\n<ul>\n \t<li><span style=\"font-size: 12pt;\"><span style=\"background-color: white;\"><span style=\"font-family: Arial,sans-serif;\"><span style=\"color: #28235c;\">Emagrecimento Cl\u00ednico.<\/span><\/span><\/span><\/span><\/li>\n \t<li><span style=\"font-size: 12pt;\"><span style=\"background-color: white;\"><span style=\"font-family: Arial,sans-serif;\"><span style=\"color: #28235c;\">Obesidade Infantil.<\/span><\/span><\/span><\/span><\/li>\n \t<li><span style=\"font-size: 12pt;\"><span style=\"background-color: white;\"><span style=\"font-family: Arial,sans-serif;\"><span style=\"color: #28235c;\">Planejamento Familiar.<\/span><\/span><\/span><\/span><\/li>\n \t<li><span style=\"font-size: 12pt;\"><span style=\"background-color: white;\"><span style=\"font-family: Arial,sans-serif;\"><span style=\"color: #28235c;\">Tabagismo.<\/span><\/span><\/span><\/span><\/li>\n<\/ul>\n<span style=\"font-size: 12pt;\"><span style=\"background-color: white;\"><span style=\"font-family: Arial,sans-serif;\"><span style=\"color: #28235c;\">*verificar a disponibilidade em cada unidade<\/span><\/span><\/span><\/span>\n<h2><span style=\"font-size: 13pt;\"><span style=\"background-color: white;\"><span style=\"font-family: 'Calibri Light',sans-serif;\"><span style=\"color: #2e74b5;\"><strong><span style=\"font-family: 'inherit',serif;\"><span style=\"color: #28235c;\">Cuidado Remoto:<\/span><\/span><\/strong><\/span><\/span><\/span><\/span><\/h2>\n<h2><span style=\"font-size: 1.71429rem;\"><span style=\"background-color: white;\"><span style=\"color: inherit;\"><span style=\"font-family: 'Calibri Light',sans-serif;\"><strong><span style=\"font-family: 'inherit',serif;\"><span style=\"color: #00adff;\">Canal Ativo<\/span><\/span><\/strong><\/span><\/span><\/span><\/span><\/h2>\n<h4><span style=\"font-size: 1.14286rem;\"><span style=\"background-color: white;\"><span style=\"color: inherit;\"><span style=\"font-family: 'Times New Roman',serif;\"><strong><span style=\"font-family: 'inherit',serif;\"><span style=\"color: #00adff;\">Agente de Sa\u00fade Virtual<\/span><\/span><\/strong><\/span><\/span><\/span><\/span><\/h4>\n<span style=\"font-size: 0.85714rem;\"><span style=\"background-color: white;\"><span style=\"font-family: 'Times New Roman',serif;\"><span style=\"font-family: 'Arial',sans-serif;\"><span style=\"color: #28235c;\">O\u00a0<strong><span style=\"font-family: 'Arial',sans-serif;\">Agente de Sa\u00fade Virtual<\/span><\/strong>\u00a0poder\u00e1 fazer contato para dar orienta\u00e7\u00f5es sobre cuidados com a sa\u00fade e como melhorar a qualidade de vida.<\/span><\/span><\/span><\/span><\/span>\n<h2><span style=\"font-size: 1.71429rem;\"><span style=\"background-color: white;\"><span style=\"color: inherit;\"><span style=\"font-family: 'Calibri Light',sans-serif;\"><strong><span style=\"font-family: 'inherit',serif;\"><span style=\"color: #00adff;\">Canal Receptivo<\/span><\/span><\/strong><\/span><\/span><\/span><\/span><\/h2>\n<h4><span style=\"font-size: 1.14286rem;\"><span style=\"background-color: white;\"><span style=\"color: inherit;\"><span style=\"font-family: 'Times New Roman',serif;\"><strong><span style=\"font-family: 'inherit',serif;\"><span style=\"color: #00adff;\">Amil Ligue Sa\u00fade<\/span><\/span><\/strong><\/span><\/span><\/span><\/span><\/h4>\n<span style=\"font-size: 0.85714rem;\"><span style=\"background-color: white;\"><span style=\"font-family: 'Times New Roman',serif;\"><span style=\"font-family: 'Arial',sans-serif;\"><span style=\"color: #28235c;\">O\u00a0<strong><span style=\"font-family: 'Arial',sans-serif;\">Amil Ligue Sa\u00fade<\/span><\/strong>\u00a0\u00e9 um canal telef\u00f4nico 24h \u00e0 sua disposi\u00e7\u00e3o para tirar d\u00favidas sobre sa\u00fade. Temos uma equipe de enfermeiros que oferece informa\u00e7\u00f5es sobre exames, esclarecimentos de d\u00favidas sobre prescri\u00e7\u00f5es, esclarecimentos sobre sintomas e outras orienta\u00e7\u00f5es.<\/span><\/span><\/span><\/span><\/span>\n<h2><span style=\"font-size: 1.71429rem;\"><span style=\"background-color: white;\"><span style=\"color: inherit;\"><span style=\"font-family: 'Calibri Light',sans-serif;\"><strong><span style=\"font-family: 'inherit',serif;\"><span style=\"color: #00adff;\">Canal Receptivo e Ativo<\/span><\/span><\/strong><\/span><\/span><\/span><\/span><\/h2>\n<h4><span style=\"font-size: 1.14286rem;\"><span style=\"background-color: white;\"><span style=\"color: inherit;\"><span style=\"font-family: 'Times New Roman',serif;\"><strong><span style=\"font-family: 'inherit',serif;\"><span style=\"color: #00adff;\">Programa Mam\u00e3e e Crian\u00e7a<\/span><\/span><\/strong><\/span><\/span><\/span><\/span><\/h4>\n<span style=\"font-size: 0.85714rem;\"><span style=\"background-color: white;\"><span style=\"font-family: 'Times New Roman',serif;\"><span style=\"font-family: 'Arial',sans-serif;\"><span style=\"color: #28235c;\">O\u00a0<strong><span style=\"font-family: 'Arial',sans-serif;\">Programa Mam\u00e3e e Crian\u00e7a<\/span><\/strong>\u00a0oferece acompanhamento telef\u00f4nico durante toda a gravidez e at\u00e9 o filho completar 12 anos.<\/span><\/span><\/span><\/span><\/span>\n<h2><\/h2>\n<h2><span style=\"font-size: 13pt;\"><span style=\"background-color: white;\"><span style=\"font-family: 'Calibri Light',sans-serif;\"><span style=\"color: #2e74b5;\"><strong><span style=\"font-family: 'inherit',serif;\"><span style=\"color: #28235c;\">Amil resgate:<\/span><\/span><\/strong><\/span><\/span><\/span><\/span><\/h2>\n<span style=\"font-size: 12pt;\"><span style=\"background-color: white;\"><span style=\"font-family: Arial,sans-serif;\"><span style=\"color: #28235c;\">Servi\u00e7o aditivo que disponibiliza ambul\u00e2ncias, helic\u00f3pteros, jato, e conta com uma equipe preparada e experiente para realizar o transporte inter-hospitalar de pacientes em estado grave, mesmo em procedimentos emergenciais de alta complexidade.<\/span><\/span><\/span><\/span>\n<ul>\n \t<li><span style=\"font-size: 12pt;\"><span style=\"background-color: white;\"><span style=\"font-family: Arial,sans-serif;\"><span style=\"color: #28235c;\">Um completo sistema de transporte inter-hospitalar, certificado pela Joint Commission International.<\/span><\/span><\/span><\/span><\/li>\n \t<li><span style=\"font-size: 12pt;\"><span style=\"background-color: white;\"><span style=\"font-family: Arial,sans-serif;\"><span style=\"color: #28235c;\">Ambul\u00e2ncias, helic\u00f3pteros e jato aparelhados com a mais avan\u00e7ada tecnologia m\u00e9dica.<\/span><\/span><\/span><\/span><\/li>\n \t<li><span style=\"font-size: 12pt;\"><span style=\"background-color: white;\"><span style=\"font-family: Arial,sans-serif;\"><span style=\"color: #28235c;\">Profissionais treinados para realizar procedimentos de alta complexidade.<\/span><\/span><\/span><\/span><\/li>\n<\/ul>\n<div style=\"border-bottom: solid #ededed 1.0pt; padding: 0cm 0cm 6.0pt 0cm;\">\n<h2><span style=\"background-color: white;\"><span style=\"font-size: 13pt;\"><span style=\"background-color: white;\"><span style=\"font-family: 'Calibri Light',sans-serif;\"><span style=\"color: #2e74b5;\"><strong><span style=\"font-family: 'Arial',sans-serif;\"><span style=\"color: #6d6e71;\">Hist\u00f3ria<\/span><\/span><\/strong><\/span><\/span><\/span><\/span><\/span><\/h2>\n<\/div>\n<h3 style=\"margin-left: 16px; margin-right: 16px;\"><\/h3>\n<strong>Uma hist\u00f3ria marcada por inova\u00e7\u00f5es<\/strong>\n\n<span style=\"font-size: 12pt;\"><span style=\"font-family: 'Times New Roman',serif;\">A semente que deu origem \u00e0 Amil foi a Casa de Sa\u00fade S\u00e3o Jos\u00e9, que, na \u00e9poca de sua aquisi\u00e7\u00e3o, em 1972, era uma pequena cl\u00ednica na cidade fluminense de Duque de Caxias. Cinco anos depois, j\u00e1 se transformava na maior maternidade privada no estado do Rio de Janeiro. Em seguida, foram tamb\u00e9m adquiridas as cl\u00ednicas Somicol (atual Hospital de Cl\u00ednicas Mario Lioni) e Santa Rita<\/span><\/span>\n\n<span style=\"font-size: 12pt;\"><span style=\"font-family: 'Times New Roman',serif;\">Para administr\u00e1-las, foi criada a Empresa de Servi\u00e7os Hospitalares (Esho). Ap\u00f3s algum tempo, a S\u00e3o Jos\u00e9 deixou de integrar o grupo, que atravessou a Ba\u00eda de Guanabara e comprou a Policl\u00ednica S\u00e3o Sebasti\u00e3o, no Barreto, em Niter\u00f3i, em 1976. Os recursos oriundos da Esho permitiram a cria\u00e7\u00e3o da Amil Assist\u00eancia M\u00e9dica Internacional, no Rio de Janeiro, em 1978.<\/span><\/span>\n\n<strong><br><p>Confira os Planos Abaixo:<\/strong>\t\t\t\t\t<\/div>\n\t\t\t\t\t\t<\/div>\n\t\t\t\t<\/div>\n\t\t\t\t\t\t<\/div>\n\t\t\t\t\t<\/div>\n\t\t<\/div>\n\t\t\t\t\t\t\t\t<\/div>\n\t\t\t\t\t<\/div>\n\t\t<\/section>\n\t\t\t\t<section class=\"elementor-section elementor-top-section elementor-element elementor-element-f0221e0 elementor-section-boxed elementor-section-height-default elementor-section-height-default\" data-id=\"f0221e0\" data-element_type=\"section\">\n\t\t\t\t\t\t<div class=\"elementor-container elementor-column-gap-default\">\n\t\t\t\t\t\t\t<div class=\"elementor-row\">\n\t\t\t\t\t<div class=\"elementor-column elementor-col-100 elementor-top-column elementor-element elementor-element-9d79428\" data-id=\"9d79428\" data-element_type=\"column\">\n\t\t\t<div class=\"elementor-column-wrap elementor-element-populated\">\n\t\t\t\t\t\t\t<div class=\"elementor-widget-wrap\">\n\t\t\t\t\t\t<div class=\"elementor-element elementor-element-cb6b8d4 elementor-grid-1 elementor-posts--thumbnail-left elementor-grid-tablet-2 elementor-grid-mobile-1 elementor-widget elementor-widget-posts\" data-id=\"cb6b8d4\" data-element_type=\"widget\" data-settings=\"{&quot;classic_columns&quot;:&quot;1&quot;,&quot;classic_columns_tablet&quot;:&quot;2&quot;,&quot;classic_columns_mobile&quot;:&quot;1&quot;,&quot;classic_row_gap&quot;:{&quot;unit&quot;:&quot;px&quot;,&quot;size&quot;:35,&quot;sizes&quot;:[]},&quot;classic_row_gap_tablet&quot;:{&quot;unit&quot;:&quot;px&quot;,&quot;size&quot;:&quot;&quot;,&quot;sizes&quot;:[]},&quot;classic_row_gap_mobile&quot;:{&quot;unit&quot;:&quot;px&quot;,&quot;size&quot;:&quot;&quot;,&quot;sizes&quot;:[]}}\" data-widget_type=\"posts.classic\">\n\t\t\t\t<div class=\"elementor-widget-container\">\n\t\t\t\t\t<div class=\"elementor-posts-container elementor-posts elementor-posts--skin-classic elementor-grid\">\n\t\t\t\t<article class=\"elementor-post elementor-grid-item post-3550 post type-post status-publish format-standard hentry category-amil-saude category-planos-adesao entry\">\n\t\t\t\t<div class=\"elementor-post__text\">\n\t\t\t\t<h3 class=\"elementor-post__title\">\n\t\t\t<a href=\"https:\/\/www.planodesaudebelem.com.br\/site\/plano-de-saude-amil-adesao\/\" >\n\t\t\t\tPlano de Saude Amil Ades\u00e3o\t\t\t<\/a>\n\t\t<\/h3>\n\t\t\t\t<div class=\"elementor-post__meta-data\">\n\t\t\t\t\t<span class=\"elementor-post-date\">\n\t\t\t28 de dezembro de 2020\t\t<\/span>\n\t\t\t\t<span class=\"elementor-post-avatar\">\n\t\t\tNenhum coment\u00e1rio\t\t<\/span>\n\t\t\t\t<\/div>\n\t\t\t\t<div class=\"elementor-post__excerpt\">\n\t\t\t<p>Temos o plano de ades\u00e3o ideal para Voc\u00ea Condi\u00e7\u00f5es Especiais O\u00a0plano de sa\u00fade Amil ades\u00e3o\u00a0\u00e9 destinado a profissionais liberais, funcion\u00e1rios p\u00fablicos, estudantes do ensino fundamental<\/p>\n\t\t<\/div>\n\t\t\n\t\t<a class=\"elementor-post__read-more\" href=\"https:\/\/www.planodesaudebelem.com.br\/site\/plano-de-saude-amil-adesao\/\" aria-label=\"Read more about Plano de Saude Amil Ades\u00e3o\" >\n\t\t\tLeia Mais \u00bb\t\t<\/a>\n\n\t\t\t\t<\/div>\n\t\t\t\t<\/article>\n\t\t\t\t<article class=\"elementor-post elementor-grid-item post-3545 post type-post status-publish format-standard hentry category-amil-saude entry\">\n\t\t\t\t<div class=\"elementor-post__text\">\n\t\t\t\t<h3 class=\"elementor-post__title\">\n\t\t\t<a href=\"https:\/\/www.planodesaudebelem.com.br\/site\/planos-amil-one\/\" >\n\t\t\t\tPlanos Amil One\t\t\t<\/a>\n\t\t<\/h3>\n\t\t\t\t<div class=\"elementor-post__meta-data\">\n\t\t\t\t\t<span class=\"elementor-post-date\">\n\t\t\t28 de dezembro de 2020\t\t<\/span>\n\t\t\t\t<span class=\"elementor-post-avatar\">\n\t\t\tNenhum coment\u00e1rio\t\t<\/span>\n\t\t\t\t<\/div>\n\t\t\t\t<div class=\"elementor-post__excerpt\">\n\t\t\t<p>Planos Amil One Conveni\u00eancia e exclusividade fazem da Amil One a l\u00edder no segmento premium de sa\u00fade. &nbsp; Planos Amil One S1500 Diferenciais: Cobertura nacional<\/p>\n\t\t<\/div>\n\t\t\n\t\t<a class=\"elementor-post__read-more\" href=\"https:\/\/www.planodesaudebelem.com.br\/site\/planos-amil-one\/\" aria-label=\"Read more about Planos Amil One\" >\n\t\t\tLeia Mais \u00bb\t\t<\/a>\n\n\t\t\t\t<\/div>\n\t\t\t\t<\/article>\n\t\t\t\t<article class=\"elementor-post elementor-grid-item post-3543 post type-post status-publish format-standard hentry category-amil-saude entry\">\n\t\t\t\t<div class=\"elementor-post__text\">\n\t\t\t\t<h3 class=\"elementor-post__title\">\n\t\t\t<a href=\"https:\/\/www.planodesaudebelem.com.br\/site\/planos-amil\/\" >\n\t\t\t\tPlanos Amil\t\t\t<\/a>\n\t\t<\/h3>\n\t\t\t\t<div class=\"elementor-post__meta-data\">\n\t\t\t\t\t<span class=\"elementor-post-date\">\n\t\t\t28 de dezembro de 2020\t\t<\/span>\n\t\t\t\t<span class=\"elementor-post-avatar\">\n\t\t\tNenhum coment\u00e1rio\t\t<\/span>\n\t\t\t\t<\/div>\n\t\t\t\t<div class=\"elementor-post__excerpt\">\n\t\t\t<p>Planos Amil Cuidado certo e flexibilidade para oferecer a melhor experi\u00eancia em sa\u00fade com excelente custo-benef\u00edcio. &nbsp; Planos Amil S380 Diferenciais: Cobertura nacional Hospitais de<\/p>\n\t\t<\/div>\n\t\t\n\t\t<a class=\"elementor-post__read-more\" href=\"https:\/\/www.planodesaudebelem.com.br\/site\/planos-amil\/\" aria-label=\"Read more about Planos Amil\" >\n\t\t\tLeia Mais \u00bb\t\t<\/a>\n\n\t\t\t\t<\/div>\n\t\t\t\t<\/article>\n\t\t\t\t<article class=\"elementor-post elementor-grid-item post-3540 post type-post status-publish format-standard hentry category-amil-saude entry\">\n\t\t\t\t<div class=\"elementor-post__text\">\n\t\t\t\t<h3 class=\"elementor-post__title\">\n\t\t\t<a href=\"https:\/\/www.planodesaudebelem.com.br\/site\/planos-amil-facil\/\" >\n\t\t\t\tPlanos Amil F\u00e1cil\t\t\t<\/a>\n\t\t<\/h3>\n\t\t\t\t<div class=\"elementor-post__meta-data\">\n\t\t\t\t\t<span class=\"elementor-post-date\">\n\t\t\t28 de dezembro de 2020\t\t<\/span>\n\t\t\t\t<span class=\"elementor-post-avatar\">\n\t\t\tNenhum coment\u00e1rio\t\t<\/span>\n\t\t\t\t<\/div>\n\t\t\t\t<div class=\"elementor-post__excerpt\">\n\t\t\t<p>Planos Amil F\u00e1cil Simplicidade e efici\u00eancia para garantir cuidado certo com pre\u00e7os acess\u00edveis. Tudo \u00e1gil. Tudo f\u00e1cil. &nbsp; Plano Amil Facil S40 SP Diferenciais: Cobertura<\/p>\n\t\t<\/div>\n\t\t\n\t\t<a class=\"elementor-post__read-more\" href=\"https:\/\/www.planodesaudebelem.com.br\/site\/planos-amil-facil\/\" aria-label=\"Read more about Planos Amil F\u00e1cil\" >\n\t\t\tLeia Mais \u00bb\t\t<\/a>\n\n\t\t\t\t<\/div>\n\t\t\t\t<\/article>\n\t\t\t\t<\/div>\n\t\t\n\t\t\t\t<\/div>\n\t\t\t\t<\/div>\n\t\t\t\t\t\t<\/div>\n\t\t\t\t\t<\/div>\n\t\t<\/div>\n\t\t\t\t\t\t\t\t<\/div>\n\t\t\t\t\t<\/div>\n\t\t<\/section>\n\t\t\t\t\t\t\t\t\t<\/div>\n\t\t\t<\/div>\n\t\t\t\t\t<\/div>\n\t\t","protected":false},"excerpt":{"rendered":"<p>Planos m\u00e9dicos Amil: Oferecemos\u00a0planos m\u00e9dicos e odontol\u00f3gicos\u00a0com todo o cuidado que voc\u00ea, sua fam\u00edlia ou sua empresa precisam. Amil Facil: Criado com os conceitos de simplicidade, efici\u00eancia e cuidado, o Amil F\u00e1cil oferece planos regionais com excelente custo-benef\u00edcio. Amil: Planos m\u00e9dicos com abrang\u00eancia nacional ou regional, oferecendo a op\u00e7\u00e3o de coparticipa\u00e7\u00e3o e de reembolso. Amil [&hellip;]<\/p>\n","protected":false},"author":4,"featured_media":5114,"comment_status":"closed","ping_status":"closed","sticky":false,"template":"","format":"standard","meta":[],"categories":[4,6],"tags":[],"_links":{"self":[{"href":"https:\/\/www.planodesaudebelem.com.br\/site\/wp-json\/wp\/v2\/posts\/3535"}],"collection":[{"href":"https:\/\/www.planodesaudebelem.com.br\/site\/wp-json\/wp\/v2\/posts"}],"about":[{"href":"https:\/\/www.planodesaudebelem.com.br\/site\/wp-json\/wp\/v2\/types\/post"}],"author":[{"embeddable":true,"href":"https:\/\/www.planodesaudebelem.com.br\/site\/wp-json\/wp\/v2\/users\/4"}],"replies":[{"embeddable":true,"href":"https:\/\/www.planodesaudebelem.com.br\/site\/wp-json\/wp\/v2\/comments?post=3535"}],"version-history":[{"count":5,"href":"https:\/\/www.planodesaudebelem.com.br\/site\/wp-json\/wp\/v2\/posts\/3535\/revisions"}],"predecessor-version":[{"id":3549,"href":"https:\/\/www.planodesaudebelem.com.br\/site\/wp-json\/wp\/v2\/posts\/3535\/revisions\/3549"}],"wp:featuredmedia":[{"embeddable":true,"href":"https:\/\/www.planodesaudebelem.com.br\/site\/wp-json\/wp\/v2\/media\/5114"}],"wp:attachment":[{"href":"https:\/\/www.planodesaudebelem.com.br\/site\/wp-json\/wp\/v2\/media?parent=3535"}],"wp:term":[{"taxonomy":"category","embeddable":true,"href":"https:\/\/www.planodesaudebelem.com.br\/site\/wp-json\/wp\/v2\/categories?post=3535"},{"taxonomy":"post_tag","embeddable":true,"href":"https:\/\/www.planodesaudebelem.com.br\/site\/wp-json\/wp\/v2\/tags?post=3535"}],"curies":[{"name":"wp","href":"https:\/\/api.w.org\/{rel}","templated":true}]}}