{"id":3491,"date":"2020-12-27T09:43:06","date_gmt":"2020-12-27T12:43:06","guid":{"rendered":"https:\/\/www.planodesaudebelem.com.br\/?p=3491"},"modified":"2020-12-27T09:43:06","modified_gmt":"2020-12-27T12:43:06","slug":"plano-amil-dental-e35-protese-empresarial-linha-estetica","status":"publish","type":"post","link":"https:\/\/www.planodesaudebelem.com.br\/site\/plano-amil-dental-e35-protese-empresarial-linha-estetica\/","title":{"rendered":"Plano Amil Dental E35 Pr\u00f3tese Empresarial Linha Estetica"},"content":{"rendered":"<p>Linha Estetica<\/p>\n<h3>Dental E35 Pr\u00f3tese Empresarial<\/h3>\n<p>Plano para empresas que se preocupam com a sa\u00fade bucal de seus colaboradores que necessitam de tratamentos de reconstru\u00e7\u00e3o e reposi\u00e7\u00e3o dent\u00e1ria, incluindo &#8220;ponte\u201d m\u00f3vel parcial e coroa total unit\u00e1ria em resina, &#8220;dentadura&#8221; e clareamento convencional (gel + moldeira). O atendimento conta com dentistas de alta qualidade, cuidadosamente selecionados, na rede credenciada \u201cAmil Dental Nacional &#8211; Rede 844\u201d. S\u00e3o 238 procedimentos odontol\u00f3gicos, confira todas as coberturas e car\u00eancias.<\/p>\n<p>Nome t\u00e9cnico: DENTAL E35 PADRAO R PME<br \/>\nN\u00famero e nome ANS: 485417209 &#8211; DENTAL E35 NAC R PJ<\/p>\n<p><strong>Por que comprar um plano Amil Dental?<\/strong><\/p>\n<p>Para ter sa\u00fade total seus colaboradores precisam estar em dia tamb\u00e9m com a sa\u00fade bucal. Al\u00e9m disso, ter um sorriso bonito eleva o bem estar de todos e reverte em reconhecimento para sua empresa.<\/p>\n<p>Veja alguns diferenciais da Amil Dental:<\/p>\n<ul>\n<li>Procedimentos extras, al\u00e9m do rol da ANS (Ag\u00eancia Nacional de Sa\u00fade Suplementar), incluindo documenta\u00e7\u00e3o ortod\u00f4ntica b\u00e1sica<\/li>\n<li>Contrata\u00e7\u00e3o totalmente online, r\u00e1pida e sem burocracia<\/li>\n<li>Milhares\u00a0especialistas\u00a0em todo o Brasil<\/li>\n<li>Teleatendimento 24 horas por dia<\/li>\n<li>Cl\u00ednica de urg\u00eancia 24 horas<\/li>\n<li>Carteirinha Virtual &#8211; direto no seu celular pelo app Amil Clientes<\/li>\n<li>As melhores condi\u00e7\u00f5es de pagamento!<\/li>\n<\/ul>\n<p><strong>Quem pode aderir?<\/strong><\/p>\n<p>O plano Dental E35 Empresarial\u00a0pode ser contratado para empresas de 2 a 99 benefici\u00e1rios, sendo no m\u00ednimo 1 titular.<\/p>\n<p><strong>Podem fazer parte do contrato<\/strong><\/p>\n<p>Titulares: Pessoas com v\u00ednculo empregat\u00edcio.<\/p>\n<p>Dependentes e agregados do titular: esposa (o) ou companheira (o), filhos, pai, m\u00e3e, sogro (a), irm\u00e3os (\u00e3s), av\u00f4s (\u00f3s), netos, tios, sobrinhos, bisnetos, genro, padrasto, madrasta, cunhado(a).<\/p>\n<p>O custo do plano \u00e9 igual para todas as faixas et\u00e1rias. Os benefici\u00e1rios devem cumprir perman\u00eancia m\u00ednima de 12 meses no plano.<\/p>\n<p><strong>Contrato<\/strong><\/p>\n<p>Nossos contratos s\u00e3o por tempo indeterminado. No anivers\u00e1rio da contrata\u00e7\u00e3o a mensalidade do seu plano poder\u00e1 sofrer reajustes. Caso queira cancelar antes do fim da vig\u00e9ncia m\u00ednima prevista, poder\u00e1 ser cobrada uma multa conforme regra estipulada em contrato.<\/p>\n<h3>Rede Credenciada<\/h3>\n<p>S\u00e3o milhares de dentistas em todo Brasil, com in\u00fameras especialidades disponibilizadas para voc\u00ea utilizar o seu plano em qualquer regi\u00e3o. Nossa rede credenciada \u00e9 constantemente atualizada em nossa ferramenta de busca online.<\/p>\n<p>Car\u00eancias a\u00a0partir da confirma\u00e7\u00e3o de pagamento<\/p>\n<p>Isen\u00e7\u00e3o parcial de car\u00eancia para as ades\u00f5es realizadas nos primeiros 30 dias ap\u00f3s a contrata\u00e7\u00e3o do plano, casamento, nascimento ou ado\u00e7\u00e3o. Para ades\u00f5es realizadas ap\u00f3s esse per\u00edodo, ser\u00e3o aplicadas as seguintes car\u00eancias: Urg\u00eancia e Emerg\u00eancia (24 horas), Consulta, diagn\u00f3sticos, odontologia preventiva, radiologia, dent\u00edstica, odontopediatria, cirurgia, periodontia, endodontia (60 dias), Ortodontia (90 dias), Pr\u00f3teses e Odontologia est\u00e9tica (180 dias).<\/p>\n<h3>Informa\u00e7\u00f5es T\u00e9cnicas<\/h3>\n<p><strong>Dental E35 Pr\u00f3tese Empresarial<\/strong>\u00a0\u00e9 uma abrevia\u00e7\u00e3o para o nome t\u00e9cnico <strong>DENTAL E35 PADRAO R PME<\/strong>, que constar\u00e1 em sua carteirinha virtual. Em alguns documentos poder\u00e3o citar tamb\u00e9m o n\u00famero e nome de registro na Ag\u00eancia Nacional de Sa\u00fade \u2013 ANS como <strong>485417209 DENTAL E35 NAC R PJ <\/strong><\/p>\n<p>&nbsp;<\/p>\n<p>&nbsp;<\/p>\n","protected":false},"excerpt":{"rendered":"<p>Linha Estetica Dental E35 Pr\u00f3tese Empresarial Plano para empresas que se preocupam com a sa\u00fade bucal de seus colaboradores que necessitam de tratamentos de reconstru\u00e7\u00e3o e reposi\u00e7\u00e3o dent\u00e1ria, incluindo &#8220;ponte\u201d m\u00f3vel parcial e coroa total unit\u00e1ria em resina, &#8220;dentadura&#8221; e clareamento convencional (gel + moldeira). O atendimento conta com dentistas de alta qualidade, cuidadosamente selecionados, [&hellip;]<\/p>\n","protected":false},"author":4,"featured_media":0,"comment_status":"closed","ping_status":"closed","sticky":false,"template":"","format":"standard","meta":[],"categories":[18],"tags":[],"_links":{"self":[{"href":"https:\/\/www.planodesaudebelem.com.br\/site\/wp-json\/wp\/v2\/posts\/3491"}],"collection":[{"href":"https:\/\/www.planodesaudebelem.com.br\/site\/wp-json\/wp\/v2\/posts"}],"about":[{"href":"https:\/\/www.planodesaudebelem.com.br\/site\/wp-json\/wp\/v2\/types\/post"}],"author":[{"embeddable":true,"href":"https:\/\/www.planodesaudebelem.com.br\/site\/wp-json\/wp\/v2\/users\/4"}],"replies":[{"embeddable":true,"href":"https:\/\/www.planodesaudebelem.com.br\/site\/wp-json\/wp\/v2\/comments?post=3491"}],"version-history":[{"count":1,"href":"https:\/\/www.planodesaudebelem.com.br\/site\/wp-json\/wp\/v2\/posts\/3491\/revisions"}],"predecessor-version":[{"id":3492,"href":"https:\/\/www.planodesaudebelem.com.br\/site\/wp-json\/wp\/v2\/posts\/3491\/revisions\/3492"}],"wp:attachment":[{"href":"https:\/\/www.planodesaudebelem.com.br\/site\/wp-json\/wp\/v2\/media?parent=3491"}],"wp:term":[{"taxonomy":"category","embeddable":true,"href":"https:\/\/www.planodesaudebelem.com.br\/site\/wp-json\/wp\/v2\/categories?post=3491"},{"taxonomy":"post_tag","embeddable":true,"href":"https:\/\/www.planodesaudebelem.com.br\/site\/wp-json\/wp\/v2\/tags?post=3491"}],"curies":[{"name":"wp","href":"https:\/\/api.w.org\/{rel}","templated":true}]}}