{"id":3483,"date":"2020-12-27T09:41:03","date_gmt":"2020-12-27T12:41:03","guid":{"rendered":"https:\/\/www.planodesaudebelem.com.br\/?p=3483"},"modified":"2020-12-27T09:41:03","modified_gmt":"2020-12-27T12:41:03","slug":"plano-amil-dental-e35-protese-linha-estetica","status":"publish","type":"post","link":"https:\/\/www.planodesaudebelem.com.br\/site\/plano-amil-dental-e35-protese-linha-estetica\/","title":{"rendered":"Plano Amil Dental E35 Pr\u00f3tese Linha Estetica"},"content":{"rendered":"<p>Linha Estetica<\/p>\n<h3>Dental E35 Pr\u00f3tese<\/h3>\n<p>Plano para quem precisa de tratamentos de reconstru\u00e7\u00e3o e reposi\u00e7\u00e3o dent\u00e1ria, incluindo &#8220;ponte\u201d m\u00f3vel parcial e coroa total unit\u00e1ria em resina, &#8220;dentadura&#8221; e clareamento convencional (gel + moldeira). O atendimento conta com dentistas de alta qualidade, cuidadosamente selecionados, na rede credenciada \u201cAmil Dental Nacional &#8211; Rede 844\u201d. S\u00e3o 238 procedimentos odontol\u00f3gicos, confira todas as coberturas e car\u00eancias.<\/p>\n<p>Nome t\u00e9cnico: DENTAL E35 PADRAO R PF<br \/>\nN\u00famero e nome ANS: 485414204 &#8211; DENTAL E35 NAC R PF<\/p>\n<p><strong>Por que comprar um plano Amil Dental?<\/strong><\/p>\n<p>Para ter sa\u00fade total voc\u00ea precisa estar em dia com sua sa\u00fade bucal. Al\u00e9m disso, ter um sorriso bonito clareia muitas oportunidades em sua vida pessoal e profissional.<br \/>\nVeja alguns diferenciais da Amil Dental:<\/p>\n<ul>\n<li>Procedimentos extras, al\u00e9m do rol da ANS (Agencia Nacional de Sa\u00fade Suplementar), incluindo documenta\u00e7\u00e3o ortod\u00f4ntica b\u00e1sica<\/li>\n<li>Contrata\u00e7\u00e3o totalmente\u00a0<em>online<\/em>, r\u00e1pida e sem burocracia<\/li>\n<li>Milhares de especialistas em todo o Brasil<\/li>\n<li>Teleatendimento 24 horas por dia<\/li>\n<li>Cl\u00ednicas de urg\u00eancia 24 horas<\/li>\n<li>Carteirinha Virtual<\/li>\n<li>As melhores condi\u00e7\u00f5es de pagamento! Voc\u00ea escolhe como quer pagar.<\/li>\n<\/ul>\n<p><strong>Quem pode aderir?<\/strong><\/p>\n<p>O plano Dental E35 Pr\u00f3tese pode ser contratado individualmente, para uma pessoa (titular maior de 18 anos ou menor de idade assistido por um respons\u00e1vel legal), ou ainda, para um titular e seus dependentes diretos ou indiretos.<\/p>\n<p><strong>Coberturas<\/strong><\/p>\n<table>\n<tbody>\n<tr>\n<td>Cobertura integral conforme o rol ANS e procedimentos extras, nas seguintes especialidades<\/td>\n<td>Dental<\/p>\n<p>E35<\/td>\n<\/tr>\n<tr>\n<td>Rol ANS ampliado<\/td>\n<td><\/td>\n<\/tr>\n<tr>\n<td>Coroas Unit\u00e1rias em resina (todos os dentes)<\/td>\n<td><\/td>\n<\/tr>\n<tr>\n<td>Pr\u00f3tese Total (Dentaduras)<\/td>\n<td><\/td>\n<\/tr>\n<tr>\n<td>Pr\u00f3tese Parcial Remov\u00edvel provis\u00f3ria<\/td>\n<td><\/td>\n<\/tr>\n<tr>\n<td>Pr\u00f3tese Parcial Remov\u00edvel com grampo (Ponte remov\u00edvel)<\/td>\n<td><\/td>\n<\/tr>\n<tr>\n<td>Placa Miorrelaxante (Placa de ATM ou Bruxismo)<\/td>\n<td><\/td>\n<\/tr>\n<tr>\n<td>Clareamento dent\u00e1rio Convencional (Gel e Moldeiras)<\/td>\n<td><\/td>\n<\/tr>\n<\/tbody>\n<\/table>\n<p><strong>Contrato<\/strong><\/p>\n<p>Nossos contratos s\u00e3o por tempo indeterminado. No anivers\u00e1rio da contrata\u00e7\u00e3o a mensalidade do seu plano poder\u00e1 sofrer reajustes. Caso queira cancelar antes do fim da vig\u00e9ncia m\u00ednima prevista, poder\u00e1 ser cobrada uma multa conforme regra estipulada em contrato.<\/p>\n<h3>Rede Credenciada<\/h3>\n<p>S\u00e3o milhares de dentistas em todo Brasil, com in\u00fameras especialidades disponibilizadas para voc\u00ea utilizar o seu plano em qualquer regi\u00e3o. Nossa rede credenciada \u00e9 constantemente atualizada em nossa ferramenta de busca online.<\/p>\n<h3>Informa\u00e7\u00f5es T\u00e9cnicas<\/h3>\n<p><strong>Dental E35 Pr\u00f3tese <\/strong>\u00e9 uma abrevia\u00e7\u00e3o para o nome t\u00e9cnico <strong>DENTAL E35 PADRAO R PF<\/strong>, que constar\u00e1 em sua carteirinha virtual. Em alguns documentos poder\u00e3o citar tamb\u00e9m o n\u00famero e nome de registro na Ag\u00eancia Nacional de Sa\u00fade \u2013 ANS como <strong>485414204 DENTAL E35 NAC R PF <\/strong><\/p>\n<p>&nbsp;<\/p>\n<p>&nbsp;<\/p>\n","protected":false},"excerpt":{"rendered":"<p>Linha Estetica Dental E35 Pr\u00f3tese Plano para quem precisa de tratamentos de reconstru\u00e7\u00e3o e reposi\u00e7\u00e3o dent\u00e1ria, incluindo &#8220;ponte\u201d m\u00f3vel parcial e coroa total unit\u00e1ria em resina, &#8220;dentadura&#8221; e clareamento convencional (gel + moldeira). O atendimento conta com dentistas de alta qualidade, cuidadosamente selecionados, na rede credenciada \u201cAmil Dental Nacional &#8211; Rede 844\u201d. S\u00e3o 238 procedimentos [&hellip;]<\/p>\n","protected":false},"author":4,"featured_media":0,"comment_status":"closed","ping_status":"closed","sticky":false,"template":"","format":"standard","meta":[],"categories":[18],"tags":[],"_links":{"self":[{"href":"https:\/\/www.planodesaudebelem.com.br\/site\/wp-json\/wp\/v2\/posts\/3483"}],"collection":[{"href":"https:\/\/www.planodesaudebelem.com.br\/site\/wp-json\/wp\/v2\/posts"}],"about":[{"href":"https:\/\/www.planodesaudebelem.com.br\/site\/wp-json\/wp\/v2\/types\/post"}],"author":[{"embeddable":true,"href":"https:\/\/www.planodesaudebelem.com.br\/site\/wp-json\/wp\/v2\/users\/4"}],"replies":[{"embeddable":true,"href":"https:\/\/www.planodesaudebelem.com.br\/site\/wp-json\/wp\/v2\/comments?post=3483"}],"version-history":[{"count":1,"href":"https:\/\/www.planodesaudebelem.com.br\/site\/wp-json\/wp\/v2\/posts\/3483\/revisions"}],"predecessor-version":[{"id":3484,"href":"https:\/\/www.planodesaudebelem.com.br\/site\/wp-json\/wp\/v2\/posts\/3483\/revisions\/3484"}],"wp:attachment":[{"href":"https:\/\/www.planodesaudebelem.com.br\/site\/wp-json\/wp\/v2\/media?parent=3483"}],"wp:term":[{"taxonomy":"category","embeddable":true,"href":"https:\/\/www.planodesaudebelem.com.br\/site\/wp-json\/wp\/v2\/categories?post=3483"},{"taxonomy":"post_tag","embeddable":true,"href":"https:\/\/www.planodesaudebelem.com.br\/site\/wp-json\/wp\/v2\/tags?post=3483"}],"curies":[{"name":"wp","href":"https:\/\/api.w.org\/{rel}","templated":true}]}}