{"id":3418,"date":"2020-12-25T11:26:15","date_gmt":"2020-12-25T14:26:15","guid":{"rendered":"https:\/\/www.planodesaudebelem.com.br\/?p=3418"},"modified":"2020-12-25T11:26:15","modified_gmt":"2020-12-25T14:26:15","slug":"planos-de-saude-unimed-pessoa-juridica","status":"publish","type":"post","link":"https:\/\/www.planodesaudebelem.com.br\/site\/planos-de-saude-unimed-pessoa-juridica\/","title":{"rendered":"Planos de Saude Unimed (Pessoa Juridica)"},"content":{"rendered":"<h1>1- Plano VIP para empresas<\/h1>\n<p>O modelo de atendimento do Plano VIP segue uma tend\u00eancia de Aten\u00e7\u00e3o Integral \u00e0 Sa\u00fade, a chamada AIS, que j\u00e1 \u00e9 aplicada em pa\u00edses de todo o mundo.<\/p>\n<p>Esse modelo tem como diferencial um olhar para a sa\u00fade de forma integral, com\u00a0<strong>foco na preven\u00e7\u00e3o de doen\u00e7as e manuten\u00e7\u00e3o da sa\u00fade.<\/strong><\/p>\n<h2><strong>Principais vantagens do Plano VIP para sua empresa<\/strong><\/h2>\n<p>O Plano VIP \u00e9 feito especialmente para as empresas que buscam um melhor custo\/benef\u00edcio, mas sem abrir m\u00e3o da qualidade de vida e do bem-estar de seus colaboradores.<\/p>\n<h2>\u00b7\u00a0\u00a0\u00a0\u00a0\u00a0 \u00a0\u00d3timo custo\/benef\u00edcio para voc\u00ea<\/h2>\n<p>Sua empresa e seus colaboradores ter\u00e3o acesso a um modelo inovador e a um acompanhamento diferenciado<\/p>\n<h2>\u00b7\u00a0\u00a0\u00a0\u00a0\u00a0 \u00a0Redu\u00e7\u00e3o no n\u00famero de absten\u00e7\u00f5es<\/h2>\n<p>O colaborador \u00e9 atendido e direcionado pelo seu m\u00e9dico cuidador, o que torna os tratamentos mais assertivos<\/p>\n<h2>\u00b7\u00a0\u00a0\u00a0\u00a0\u00a0 \u00a0Melhora no bem-estar do colaborador<\/h2>\n<p>O Plano VIP \u00e9 focado n\u00e3o s\u00f3 no tratamento de doen\u00e7as, mas tamb\u00e9m na preven\u00e7\u00e3o e promo\u00e7\u00e3o da sa\u00fade<\/p>\n<h2>\u00b7\u00a0\u00a0\u00a0\u00a0\u00a0 \u00a0\u00a0Equipe mais produtiva<\/h2>\n<p>Com muito mais sa\u00fade e qualidade de vida, sua equipe ter\u00e1 melhores resultados<\/p>\n<h2>\u00b7\u00a0\u00a0\u00a0\u00a0\u00a0 \u00a0\u00a0Benef\u00edcios VIP<\/h2>\n<p>Seu colaborador se sente especial, com um acompanhamento mais pr\u00f3ximo e personalizado<\/p>\n<p>&nbsp;<\/p>\n<p>&nbsp;<\/p>\n<h2>2- Planos para Pessoa Jur\u00eddica<\/h2>\n<p><strong>PLANOS TRADICIONAIS<\/strong><\/p>\n<p>Investir na sa\u00fade e na qualidade de vida dos seus colaboradores \u00e9 tamb\u00e9m investir\u00a0no seu neg\u00f3cio.<\/p>\n<p>Por isso, na Unimed\u00a0seu colaborador \u00e9 bem cuidado, tem acompanhamento de doen\u00e7as cr\u00f4nicas e acesso a programas de preven\u00e7\u00e3o e promo\u00e7\u00e3o de sa\u00fade. E\u00a0voc\u00ea tem a seguran\u00e7a de saber que eles contam com a\u00a0<strong>melhor rede de assist\u00eancia m\u00e9dica<\/strong>\u00a0da regi\u00e3o.<\/p>\n<h2>Como funciona?<\/h2>\n<p>No Plano Participativo, as mensalidades s\u00e3o reduzidas em sistema de coparticipa\u00e7\u00e3o.<\/p>\n<h2>Como funciona?<\/h2>\n<p>O Plano Pleno possui coparticipa\u00e7\u00e3o nas consultas em consult\u00f3rio, Pronto-atendimento e exames. Isen\u00e7\u00e3o da cobran\u00e7a de coparticipac\u00e3o para os exames preventivos solicitados pelo Viver Bem.<\/p>\n<p>&nbsp;<\/p>\n","protected":false},"excerpt":{"rendered":"<p>1- Plano VIP para empresas O modelo de atendimento do Plano VIP segue uma tend\u00eancia de Aten\u00e7\u00e3o Integral \u00e0 Sa\u00fade, a chamada AIS, que j\u00e1 \u00e9 aplicada em pa\u00edses de todo o mundo. Esse modelo tem como diferencial um olhar para a sa\u00fade de forma integral, com\u00a0foco na preven\u00e7\u00e3o de doen\u00e7as e manuten\u00e7\u00e3o da sa\u00fade. [&hellip;]<\/p>\n","protected":false},"author":4,"featured_media":0,"comment_status":"closed","ping_status":"closed","sticky":false,"template":"","format":"standard","meta":[],"categories":[13],"tags":[],"_links":{"self":[{"href":"https:\/\/www.planodesaudebelem.com.br\/site\/wp-json\/wp\/v2\/posts\/3418"}],"collection":[{"href":"https:\/\/www.planodesaudebelem.com.br\/site\/wp-json\/wp\/v2\/posts"}],"about":[{"href":"https:\/\/www.planodesaudebelem.com.br\/site\/wp-json\/wp\/v2\/types\/post"}],"author":[{"embeddable":true,"href":"https:\/\/www.planodesaudebelem.com.br\/site\/wp-json\/wp\/v2\/users\/4"}],"replies":[{"embeddable":true,"href":"https:\/\/www.planodesaudebelem.com.br\/site\/wp-json\/wp\/v2\/comments?post=3418"}],"version-history":[{"count":1,"href":"https:\/\/www.planodesaudebelem.com.br\/site\/wp-json\/wp\/v2\/posts\/3418\/revisions"}],"predecessor-version":[{"id":3419,"href":"https:\/\/www.planodesaudebelem.com.br\/site\/wp-json\/wp\/v2\/posts\/3418\/revisions\/3419"}],"wp:attachment":[{"href":"https:\/\/www.planodesaudebelem.com.br\/site\/wp-json\/wp\/v2\/media?parent=3418"}],"wp:term":[{"taxonomy":"category","embeddable":true,"href":"https:\/\/www.planodesaudebelem.com.br\/site\/wp-json\/wp\/v2\/categories?post=3418"},{"taxonomy":"post_tag","embeddable":true,"href":"https:\/\/www.planodesaudebelem.com.br\/site\/wp-json\/wp\/v2\/tags?post=3418"}],"curies":[{"name":"wp","href":"https:\/\/api.w.org\/{rel}","templated":true}]}}