{"id":3415,"date":"2020-12-25T11:23:58","date_gmt":"2020-12-25T14:23:58","guid":{"rendered":"https:\/\/www.planodesaudebelem.com.br\/?p=3415"},"modified":"2020-12-25T11:23:58","modified_gmt":"2020-12-25T14:23:58","slug":"planos-de-saude-unimed-pessoa-fisica","status":"publish","type":"post","link":"https:\/\/www.planodesaudebelem.com.br\/site\/planos-de-saude-unimed-pessoa-fisica\/","title":{"rendered":"Planos de Saude Unimed (Pessoa Fisica)"},"content":{"rendered":"<p>PLANOS PARA PESSOA F\u00cdSICA:<\/p>\n<h2>1- PLANOS TRADICIONAIS<\/h2>\n<p>Quando falamos da sua fam\u00edlia, \u00e9 imprescind\u00edvel contar com um plano que se encaixe perfeitamente nas suas necessidades. Por isso, a Unimed conta com op\u00e7\u00f5es diferenciadas para atender\u00a0<strong>voc\u00ea e sua fam\u00edlia<\/strong>\u00a0da melhor forma.<\/p>\n<p>Conhe\u00e7a as op\u00e7\u00f5es de planos individuais e\u00a0familiares:<\/p>\n<h2>Como funciona?<\/h2>\n<p>No Plano Participativo, as mensalidades s\u00e3o reduzidas em sistema de coparticipa\u00e7\u00e3o.<\/p>\n<h2>Como funciona?<\/h2>\n<p>O Plano Pleno possui coparticipa\u00e7\u00e3o nas consultas em consult\u00f3rio, Pronto atendimento e exames. Isen\u00e7\u00e3o da cobran\u00e7a de coparticipa\u00e7\u00e3o para os exames preventivos solicitados pelo Viver Bem.<\/p>\n<p>&nbsp;<\/p>\n<h2>Principais vantagens<\/h2>\n<table>\n<tbody>\n<tr>\n<td><\/td>\n<td>O melhor\u00a0<strong>corpo cl\u00ednico<\/strong>\u00a0e a maior rede de assist\u00eancia m\u00e9dica da \u00e1rea de a\u00e7\u00e3o.<\/td>\n<\/tr>\n<tr>\n<td><\/td>\n<td>Atendimento de urg\u00eancia e emerg\u00eancia em\u00a0<strong>84% do territ\u00f3rio nacional.<\/strong><\/td>\n<\/tr>\n<tr>\n<td><\/td>\n<td>Hospital pr\u00f3prio acreditado, com\u00a0<strong>certifica\u00e7\u00e3o de qualidade ONA 3.<\/strong><\/td>\n<\/tr>\n<tr>\n<td><\/td>\n<td><strong>Aerom\u00e9dico:<\/strong>\u00a0Transporte aerom\u00e9dico feito com aeronaves modernas, equipadas com os melhores recursos de UTI e com uma\u00a0<strong>equipe m\u00e9dica altamente qualificada.<\/strong><\/td>\n<\/tr>\n<\/tbody>\n<\/table>\n<p>&nbsp;<\/p>\n<h2>O que \u00e9 necess\u00e1rio para adquirir?<\/h2>\n<h3>DOCUMENTOS:<\/h3>\n<ul>\n<li>CPF, RG e comprovante de endere\u00e7o<\/li>\n<li>Certid\u00e3o de Casamento &#8211; Plano Familiar<\/li>\n<li>Certid\u00e3o de Nascimento, CPF (menor)<\/li>\n<li>Declara\u00e7\u00e3o de tempo em outro plano de sa\u00fade<\/li>\n<li>Cart\u00e3o SUS<\/li>\n<\/ul>\n<p>&nbsp;<\/p>\n<h3>ADQUIRA UM PLANO DE SA\u00daDE UNIMED E TENHA OS SERVI\u00c7OS:<\/h3>\n<h4>Transporte Aerom\u00e9dico, S.O.S. Unimed e Unimed Fone<\/h4>\n<ul>\n<li>Aerom\u00e9dico: Transporte aerom\u00e9dico feito com aeronaves modernas, equipadas com os melhores recursos de UTI e com uma equipe m\u00e9dica altamente qualificada. O atendimento \u00e9 feito 24h por dia, 7 dias por semana, e conta com abrang\u00eancia nacional e tamb\u00e9m transporte neonatal.<\/li>\n<li>Ambul\u00e2ncia com m\u00e9dico e enfermeiro para atend\u00ea-lo em urg\u00eancias e emerg\u00eancias onde voc\u00ea estiver (exclusivo para Santa B\u00e1rbara d\u2019Oeste, Americana e Nova Odessa).<\/li>\n<li>Voc\u00ea tamb\u00e9m pode esclarecer d\u00favidas diretamente com um m\u00e9dico, atrav\u00e9s de uma simples liga\u00e7\u00e3o (0800) de qualquer lugar do Brasil, evitando correr riscos com a automedica\u00e7\u00e3o.<\/li>\n<li>Todos estes servi\u00e7os dispon\u00edveis 24 horas por dia, 365 dias por ano.<\/li>\n<\/ul>\n<p>&nbsp;<\/p>\n<h2>2- PLANOS VIP<\/h2>\n<p>O modelo de atendimento do Plano VIP segue uma tend\u00eancia de Aten\u00e7\u00e3o Integral \u00e0 Sa\u00fade, a chamada AIS, que j\u00e1 \u00e9 aplicada em pa\u00edses de todo o mundo.<\/p>\n<p>Esse modelo tem como diferencial um olhar para a sa\u00fade de forma integral, com\u00a0<strong>foco na preven\u00e7\u00e3o de doen\u00e7as e manuten\u00e7\u00e3o da sa\u00fade.<\/strong><\/p>\n<p>&nbsp;<\/p>\n<h2><strong>Principais vantagens do Plano VIP<\/strong><\/h2>\n<p>Nessa forma de atendimento, existem in\u00fameras vantagens que tornam a sua experi\u00eancia muito mais assertiva e pr\u00e1tica.<\/p>\n<p>Espa\u00e7o exclusivo para atendimento; tratamentos especificos direcionados aos especialistas. foco na preven\u00e7\u00e3o. consultas agendadas em ate 48h<\/p>\n","protected":false},"excerpt":{"rendered":"<p>PLANOS PARA PESSOA F\u00cdSICA: 1- PLANOS TRADICIONAIS Quando falamos da sua fam\u00edlia, \u00e9 imprescind\u00edvel contar com um plano que se encaixe perfeitamente nas suas necessidades. Por isso, a Unimed conta com op\u00e7\u00f5es diferenciadas para atender\u00a0voc\u00ea e sua fam\u00edlia\u00a0da melhor forma. Conhe\u00e7a as op\u00e7\u00f5es de planos individuais e\u00a0familiares: Como funciona? No Plano Participativo, as mensalidades s\u00e3o [&hellip;]<\/p>\n","protected":false},"author":4,"featured_media":0,"comment_status":"closed","ping_status":"closed","sticky":false,"template":"","format":"standard","meta":[],"categories":[13],"tags":[],"_links":{"self":[{"href":"https:\/\/www.planodesaudebelem.com.br\/site\/wp-json\/wp\/v2\/posts\/3415"}],"collection":[{"href":"https:\/\/www.planodesaudebelem.com.br\/site\/wp-json\/wp\/v2\/posts"}],"about":[{"href":"https:\/\/www.planodesaudebelem.com.br\/site\/wp-json\/wp\/v2\/types\/post"}],"author":[{"embeddable":true,"href":"https:\/\/www.planodesaudebelem.com.br\/site\/wp-json\/wp\/v2\/users\/4"}],"replies":[{"embeddable":true,"href":"https:\/\/www.planodesaudebelem.com.br\/site\/wp-json\/wp\/v2\/comments?post=3415"}],"version-history":[{"count":1,"href":"https:\/\/www.planodesaudebelem.com.br\/site\/wp-json\/wp\/v2\/posts\/3415\/revisions"}],"predecessor-version":[{"id":3416,"href":"https:\/\/www.planodesaudebelem.com.br\/site\/wp-json\/wp\/v2\/posts\/3415\/revisions\/3416"}],"wp:attachment":[{"href":"https:\/\/www.planodesaudebelem.com.br\/site\/wp-json\/wp\/v2\/media?parent=3415"}],"wp:term":[{"taxonomy":"category","embeddable":true,"href":"https:\/\/www.planodesaudebelem.com.br\/site\/wp-json\/wp\/v2\/categories?post=3415"},{"taxonomy":"post_tag","embeddable":true,"href":"https:\/\/www.planodesaudebelem.com.br\/site\/wp-json\/wp\/v2\/tags?post=3415"}],"curies":[{"name":"wp","href":"https:\/\/api.w.org\/{rel}","templated":true}]}}