{"id":3392,"date":"2020-12-24T13:48:19","date_gmt":"2020-12-24T16:48:19","guid":{"rendered":"https:\/\/www.planodesaudebelem.com.br\/plano-de-saude-amil-dental-belam\/"},"modified":"2021-01-11T08:45:20","modified_gmt":"2021-01-11T11:45:20","slug":"plano-de-saude-amil-dental-belam","status":"publish","type":"post","link":"https:\/\/www.planodesaudebelem.com.br\/site\/plano-de-saude-amil-dental-belam\/","title":{"rendered":"Plano Amil Dental Bel\u00e9m"},"content":{"rendered":"\t\t<div data-elementor-type=\"wp-post\" data-elementor-id=\"3392\" class=\"elementor elementor-3392\">\n\t\t\t\t\t\t<div class=\"elementor-inner\">\n\t\t\t\t<div class=\"elementor-section-wrap\">\n\t\t\t\t\t\t\t\t\t<section class=\"elementor-section elementor-top-section elementor-element elementor-element-64fb6f86 elementor-section-boxed elementor-section-height-default elementor-section-height-default\" data-id=\"64fb6f86\" data-element_type=\"section\">\n\t\t\t\t\t\t<div class=\"elementor-container elementor-column-gap-default\">\n\t\t\t\t\t\t\t<div class=\"elementor-row\">\n\t\t\t\t\t<div class=\"elementor-column elementor-col-100 elementor-top-column elementor-element elementor-element-645f26b\" data-id=\"645f26b\" data-element_type=\"column\">\n\t\t\t<div class=\"elementor-column-wrap elementor-element-populated\">\n\t\t\t\t\t\t\t<div class=\"elementor-widget-wrap\">\n\t\t\t\t\t\t<div class=\"elementor-element elementor-element-3c1a6d8a elementor-widget elementor-widget-text-editor\" data-id=\"3c1a6d8a\" data-element_type=\"widget\" data-widget_type=\"text-editor.default\">\n\t\t\t\t<div class=\"elementor-widget-container\">\n\t\t\t\t\t\t\t\t<div class=\"elementor-text-editor elementor-clearfix\">\n\t\t\t\t<h1>Plano Amil Dental Bel\u00e9m<\/h1>\n<div>\n\nA crescente busca pelo sorriso perfeito nos \u00faltimos anos tem feito o mercado de planos dentais crescer constantemente. Al\u00e9m disso, houve\u00a0a conscientiza\u00e7\u00e3o de ter uma boca saud\u00e1vel, mantendo um equil\u00edbrio com est\u00e9tica e sa\u00fade. Pensando em lhe auxiliar na manuten\u00e7\u00e3o da sua sa\u00fade, oferecemos-lhe o Plano Amil Dental Cascavel, direcionado para lhe ofertar tratamento dent\u00e1rio.\n\nO Plano Amil Dental Cascavel possui uma rede credenciada com mais de 25 mil op\u00e7\u00f5es de atendimentos. Trata-se de um plano diferente pois traz uma nova proposta do conceito Promo\u00e7\u00e3o da Sa\u00fade bucal, na qual o cliente conta com um atendimento que n\u00e3o combate somente os resultados das doen\u00e7as bucais, como tamb\u00e9m as suas causas.\n\n<strong>Plano Individual e Familiar<\/strong>\n<ul>\n \t<li>Desconto de 15%;<\/li>\n \t<li>24 horas de car\u00eancia;<\/li>\n \t<li>Sem limite de utiliza\u00e7\u00e3o;<\/li>\n \t<li>Cl\u00ednicas de urg\u00eancia 24 horas;<\/li>\n \t<li>Carteirinha virtual.<\/li>\n<\/ul>\n<strong>\u00a0Plano Dental Kids<\/strong>\n<ul>\n \t<li>Rede diferenciada para Odontopediatria;<\/li>\n \t<li>Promo\u00e7\u00e3o da sa\u00fade bucal para crian\u00e7as;<\/li>\n \t<li>Aditivo SOS Dental;<\/li>\n \t<li>Teleatendimento 24 horas por dia;<\/li>\n \t<li>Sem limite de utiliza\u00e7\u00e3o.<\/li>\n<\/ul>\n<strong>Plano PME<\/strong>\n<ul>\n \t<li>Op\u00e7\u00f5es de 2 a 29 vidas (Porte I) ou 30 a 99 vidas (Porte II);<\/li>\n \t<li>Cobertura para raio X;<\/li>\n \t<li>Tratamento de periodontia e endodontia;<\/li>\n \t<li>Mais de 36 mil op\u00e7\u00f5es de atendimento em todo o Brasil;<\/li>\n \t<li>Isen\u00e7\u00e3o de car\u00eancia para ades\u00f5es realizadas nos primeiros 30 dias ap\u00f3s a contrata\u00e7\u00e3o.<\/li>\n<\/ul>\n<strong>Plano Empresarial<\/strong>\n<br><p>\n_______________________\n<br><p>\n<strong>Como contratar<\/strong>\n\n<\/div>\n<strong>Siga esses passos para contratar o seu plano Amil Dental:<\/strong>\n<ol>\n \t<li>Escolha o plano e preencha a proposta.<\/li>\n \t<li>Realize o pagamento.<\/li>\n \t<li>Utilize o plano ap\u00f3s 24h*. *Ap\u00f3s confirma\u00e7\u00e3o de pagamento (cart\u00e3o ou boleto anual).<\/li>\n<\/ol>\n&nbsp;\n\nAtendimento como voc\u00ea merece.\n\nOs melhores planos e profissionais a um pre\u00e7o que cabe no seu bolso. Confira as vantagens de contar com Amil Dental\n\nCoberturas extra nos planos nacionais. Canal, Restaura\u00e7\u00f5es e Cirurgias em todos os planos\n\nMilhares de dentistas credenciados em todo o Brasil\n\nRadiografias e raio-X panor\u00e2mico em todos os planos\n\nCarteirinha Virtual e Aplicativo Amil: Tenha o seu plano na palma da m\u00e3o\n\nContrata\u00e7\u00e3o online, sem burocracia e por tempo indeterminado**\n\nTeleatendimento 24 horas por dia\n\nPronto Socorro odontol\u00f3gico 24 horas\n\nUse amanh\u00e3 pagando com cart\u00e3o de cr\u00e9dito ou boleto antecipado (anual)\n<br><p><br><p>\n<strong>Conhe\u00e7a Nossos Planos<\/strong>:\t\t\t\t\t<\/div>\n\t\t\t\t\t\t<\/div>\n\t\t\t\t<\/div>\n\t\t\t\t\t\t<\/div>\n\t\t\t\t\t<\/div>\n\t\t<\/div>\n\t\t\t\t\t\t\t\t<\/div>\n\t\t\t\t\t<\/div>\n\t\t<\/section>\n\t\t\t\t<section class=\"elementor-section elementor-top-section elementor-element elementor-element-9db20a6 elementor-section-boxed elementor-section-height-default elementor-section-height-default\" data-id=\"9db20a6\" data-element_type=\"section\">\n\t\t\t\t\t\t<div class=\"elementor-container elementor-column-gap-default\">\n\t\t\t\t\t\t\t<div class=\"elementor-row\">\n\t\t\t\t\t<div class=\"elementor-column elementor-col-100 elementor-top-column elementor-element elementor-element-18a9409\" data-id=\"18a9409\" data-element_type=\"column\">\n\t\t\t<div class=\"elementor-column-wrap elementor-element-populated\">\n\t\t\t\t\t\t\t<div class=\"elementor-widget-wrap\">\n\t\t\t\t\t\t<div class=\"elementor-element elementor-element-ce179c9 elementor-grid-1 elementor-posts--thumbnail-left elementor-grid-tablet-2 elementor-grid-mobile-1 elementor-widget elementor-widget-posts\" data-id=\"ce179c9\" data-element_type=\"widget\" data-settings=\"{&quot;classic_columns&quot;:&quot;1&quot;,&quot;classic_columns_tablet&quot;:&quot;2&quot;,&quot;classic_columns_mobile&quot;:&quot;1&quot;,&quot;classic_row_gap&quot;:{&quot;unit&quot;:&quot;px&quot;,&quot;size&quot;:35,&quot;sizes&quot;:[]},&quot;classic_row_gap_tablet&quot;:{&quot;unit&quot;:&quot;px&quot;,&quot;size&quot;:&quot;&quot;,&quot;sizes&quot;:[]},&quot;classic_row_gap_mobile&quot;:{&quot;unit&quot;:&quot;px&quot;,&quot;size&quot;:&quot;&quot;,&quot;sizes&quot;:[]}}\" data-widget_type=\"posts.classic\">\n\t\t\t\t<div class=\"elementor-widget-container\">\n\t\t\t\t\t<div class=\"elementor-posts-container elementor-posts elementor-posts--skin-classic elementor-grid\">\n\t\t\t\t<article class=\"elementor-post elementor-grid-item post-3501 post type-post status-publish format-standard hentry category-amil-dental entry\">\n\t\t\t\t<div class=\"elementor-post__text\">\n\t\t\t\t<h3 class=\"elementor-post__title\">\n\t\t\t<a href=\"https:\/\/www.planodesaudebelem.com.br\/site\/plano-amil-dental-p7000-empresarial-linha-premium-sem-coparticipacao\/\" >\n\t\t\t\tPlano Amil Dental P7000 &#8211; Empresarial Linha Premium SEM Coparticipa\u00e7\u00e3o\t\t\t<\/a>\n\t\t<\/h3>\n\t\t\t\t<div class=\"elementor-post__meta-data\">\n\t\t\t\t\t<span class=\"elementor-post-date\">\n\t\t\t27 de dezembro de 2020\t\t<\/span>\n\t\t\t\t<span class=\"elementor-post-avatar\">\n\t\t\tNenhum coment\u00e1rio\t\t<\/span>\n\t\t\t\t<\/div>\n\t\t\t\t<div class=\"elementor-post__excerpt\">\n\t\t\t<p>Linha Premium SEM Coparticipa\u00e7\u00e3o Dental P7000 &#8211; Empresarial O plano conta com excelente Rede Credenciada, incluindo a renomada rede de dentistas Black, al\u00e9m de garantir<\/p>\n\t\t<\/div>\n\t\t\n\t\t<a class=\"elementor-post__read-more\" href=\"https:\/\/www.planodesaudebelem.com.br\/site\/plano-amil-dental-p7000-empresarial-linha-premium-sem-coparticipacao\/\" aria-label=\"Read more about Plano Amil Dental P7000 &#8211; Empresarial Linha Premium SEM Coparticipa\u00e7\u00e3o\" >\n\t\t\tLeia Mais \u00bb\t\t<\/a>\n\n\t\t\t\t<\/div>\n\t\t\t\t<\/article>\n\t\t\t\t<article class=\"elementor-post elementor-grid-item post-3499 post type-post status-publish format-standard hentry category-amil-dental entry\">\n\t\t\t\t<div class=\"elementor-post__text\">\n\t\t\t\t<h3 class=\"elementor-post__title\">\n\t\t\t<a href=\"https:\/\/www.planodesaudebelem.com.br\/site\/plano-amil-dental-p6500-empresarial-linha-premium-sem-coparticipacao\/\" >\n\t\t\t\tPlano Amil Dental P6500 &#8211; Empresarial Linha Premium SEM Coparticipa\u00e7\u00e3o\t\t\t<\/a>\n\t\t<\/h3>\n\t\t\t\t<div class=\"elementor-post__meta-data\">\n\t\t\t\t\t<span class=\"elementor-post-date\">\n\t\t\t27 de dezembro de 2020\t\t<\/span>\n\t\t\t\t<span class=\"elementor-post-avatar\">\n\t\t\tNenhum coment\u00e1rio\t\t<\/span>\n\t\t\t\t<\/div>\n\t\t\t\t<div class=\"elementor-post__excerpt\">\n\t\t\t<p>Linha Premium SEM Coparticipa\u00e7\u00e3o Dental P6500 &#8211; Empresarial O plano conta com excelente Rede Credenciada, incluindo a renomada rede de dentistas Black, al\u00e9m de garantir<\/p>\n\t\t<\/div>\n\t\t\n\t\t<a class=\"elementor-post__read-more\" href=\"https:\/\/www.planodesaudebelem.com.br\/site\/plano-amil-dental-p6500-empresarial-linha-premium-sem-coparticipacao\/\" aria-label=\"Read more about Plano Amil Dental P6500 &#8211; Empresarial Linha Premium SEM Coparticipa\u00e7\u00e3o\" >\n\t\t\tLeia Mais \u00bb\t\t<\/a>\n\n\t\t\t\t<\/div>\n\t\t\t\t<\/article>\n\t\t\t\t<article class=\"elementor-post elementor-grid-item post-3497 post type-post status-publish format-standard hentry category-amil-dental entry\">\n\t\t\t\t<div class=\"elementor-post__text\">\n\t\t\t\t<h3 class=\"elementor-post__title\">\n\t\t\t<a href=\"https:\/\/www.planodesaudebelem.com.br\/site\/plano-amil-dental-p2500-empresarial-linha-premium-sem-coparticipacao\/\" >\n\t\t\t\tPlano Amil Dental P2500 &#8211; Empresarial Linha Premium SEM Coparticipa\u00e7\u00e3o\t\t\t<\/a>\n\t\t<\/h3>\n\t\t\t\t<div class=\"elementor-post__meta-data\">\n\t\t\t\t\t<span class=\"elementor-post-date\">\n\t\t\t27 de dezembro de 2020\t\t<\/span>\n\t\t\t\t<span class=\"elementor-post-avatar\">\n\t\t\tNenhum coment\u00e1rio\t\t<\/span>\n\t\t\t\t<\/div>\n\t\t\t\t<div class=\"elementor-post__excerpt\">\n\t\t\t<p>Linha Premium SEM Coparticipa\u00e7\u00e3o Dental P2500 &#8211; Empresarial O plano conta com excelente Rede Credenciada, incluindo a renomada rede de dentistas Black, al\u00e9m de garantir<\/p>\n\t\t<\/div>\n\t\t\n\t\t<a class=\"elementor-post__read-more\" href=\"https:\/\/www.planodesaudebelem.com.br\/site\/plano-amil-dental-p2500-empresarial-linha-premium-sem-coparticipacao\/\" aria-label=\"Read more about Plano Amil Dental P2500 &#8211; Empresarial Linha Premium SEM Coparticipa\u00e7\u00e3o\" >\n\t\t\tLeia Mais \u00bb\t\t<\/a>\n\n\t\t\t\t<\/div>\n\t\t\t\t<\/article>\n\t\t\t\t<article class=\"elementor-post elementor-grid-item post-3495 post type-post status-publish format-standard hentry category-amil-dental entry\">\n\t\t\t\t<div class=\"elementor-post__text\">\n\t\t\t\t<h3 class=\"elementor-post__title\">\n\t\t\t<a href=\"https:\/\/www.planodesaudebelem.com.br\/site\/plano-amil-dental-p2000-empresarial-linha-premium-sem-coparticipacao\/\" >\n\t\t\t\tPlano Amil Dental P2000 &#8211; Empresarial Linha Premium SEM Coparticipa\u00e7\u00e3o\t\t\t<\/a>\n\t\t<\/h3>\n\t\t\t\t<div class=\"elementor-post__meta-data\">\n\t\t\t\t\t<span class=\"elementor-post-date\">\n\t\t\t27 de dezembro de 2020\t\t<\/span>\n\t\t\t\t<span class=\"elementor-post-avatar\">\n\t\t\tNenhum coment\u00e1rio\t\t<\/span>\n\t\t\t\t<\/div>\n\t\t\t\t<div class=\"elementor-post__excerpt\">\n\t\t\t<p>Linha Premium SEM Coparticipa\u00e7\u00e3o Dental P2000 &#8211; Empresarial O plano conta com excelente Rede Credenciada, incluindo a renomada rede de dentistas Black, al\u00e9m de garantir<\/p>\n\t\t<\/div>\n\t\t\n\t\t<a class=\"elementor-post__read-more\" href=\"https:\/\/www.planodesaudebelem.com.br\/site\/plano-amil-dental-p2000-empresarial-linha-premium-sem-coparticipacao\/\" aria-label=\"Read more about Plano Amil Dental P2000 &#8211; Empresarial Linha Premium SEM Coparticipa\u00e7\u00e3o\" >\n\t\t\tLeia Mais \u00bb\t\t<\/a>\n\n\t\t\t\t<\/div>\n\t\t\t\t<\/article>\n\t\t\t\t<article class=\"elementor-post elementor-grid-item post-3493 post type-post status-publish format-standard hentry category-amil-dental entry\">\n\t\t\t\t<div class=\"elementor-post__text\">\n\t\t\t\t<h3 class=\"elementor-post__title\">\n\t\t\t<a href=\"https:\/\/www.planodesaudebelem.com.br\/site\/plano-amil-dental-e45-orto-empresarial-linha-estetica\/\" >\n\t\t\t\tPlano Amil Dental E45 Orto Empresarial Linha Estetica\t\t\t<\/a>\n\t\t<\/h3>\n\t\t\t\t<div class=\"elementor-post__meta-data\">\n\t\t\t\t\t<span class=\"elementor-post-date\">\n\t\t\t27 de dezembro de 2020\t\t<\/span>\n\t\t\t\t<span class=\"elementor-post-avatar\">\n\t\t\tNenhum coment\u00e1rio\t\t<\/span>\n\t\t\t\t<\/div>\n\t\t\t\t<div class=\"elementor-post__excerpt\">\n\t\t\t<p>Linha Estetica Dental E45 Orto Empresarial &#8220;Plano para empresas que se preocupam com a sa\u00fade de seus colaboradores que necessitam de tratamentos de corre\u00e7\u00e3o da<\/p>\n\t\t<\/div>\n\t\t\n\t\t<a class=\"elementor-post__read-more\" href=\"https:\/\/www.planodesaudebelem.com.br\/site\/plano-amil-dental-e45-orto-empresarial-linha-estetica\/\" aria-label=\"Read more about Plano Amil Dental E45 Orto Empresarial Linha Estetica\" >\n\t\t\tLeia Mais \u00bb\t\t<\/a>\n\n\t\t\t\t<\/div>\n\t\t\t\t<\/article>\n\t\t\t\t<article class=\"elementor-post elementor-grid-item post-3491 post type-post status-publish format-standard hentry category-amil-dental entry\">\n\t\t\t\t<div class=\"elementor-post__text\">\n\t\t\t\t<h3 class=\"elementor-post__title\">\n\t\t\t<a href=\"https:\/\/www.planodesaudebelem.com.br\/site\/plano-amil-dental-e35-protese-empresarial-linha-estetica\/\" >\n\t\t\t\tPlano Amil Dental E35 Pr\u00f3tese Empresarial Linha Estetica\t\t\t<\/a>\n\t\t<\/h3>\n\t\t\t\t<div class=\"elementor-post__meta-data\">\n\t\t\t\t\t<span class=\"elementor-post-date\">\n\t\t\t27 de dezembro de 2020\t\t<\/span>\n\t\t\t\t<span class=\"elementor-post-avatar\">\n\t\t\tNenhum coment\u00e1rio\t\t<\/span>\n\t\t\t\t<\/div>\n\t\t\t\t<div class=\"elementor-post__excerpt\">\n\t\t\t<p>Linha Estetica Dental E35 Pr\u00f3tese Empresarial Plano para empresas que se preocupam com a sa\u00fade bucal de seus colaboradores que necessitam de tratamentos de reconstru\u00e7\u00e3o<\/p>\n\t\t<\/div>\n\t\t\n\t\t<a class=\"elementor-post__read-more\" href=\"https:\/\/www.planodesaudebelem.com.br\/site\/plano-amil-dental-e35-protese-empresarial-linha-estetica\/\" aria-label=\"Read more about Plano Amil Dental E35 Pr\u00f3tese Empresarial Linha Estetica\" >\n\t\t\tLeia Mais \u00bb\t\t<\/a>\n\n\t\t\t\t<\/div>\n\t\t\t\t<\/article>\n\t\t\t\t<article class=\"elementor-post elementor-grid-item post-3489 post type-post status-publish format-standard hentry category-amil-dental entry\">\n\t\t\t\t<div class=\"elementor-post__text\">\n\t\t\t\t<h3 class=\"elementor-post__title\">\n\t\t\t<a href=\"https:\/\/www.planodesaudebelem.com.br\/site\/plano-amil-dental-205-empresarial-nacional-linha-classica\/\" >\n\t\t\t\tPlano Amil Dental 205 Empresarial Nacional Linha Classica\t\t\t<\/a>\n\t\t<\/h3>\n\t\t\t\t<div class=\"elementor-post__meta-data\">\n\t\t\t\t\t<span class=\"elementor-post-date\">\n\t\t\t27 de dezembro de 2020\t\t<\/span>\n\t\t\t\t<span class=\"elementor-post-avatar\">\n\t\t\tNenhum coment\u00e1rio\t\t<\/span>\n\t\t\t\t<\/div>\n\t\t\t\t<div class=\"elementor-post__excerpt\">\n\t\t\t<p>Contrate para sua empresa ou com seu CNPJ Linha Classica Dental 205 Empresarial Nacional O plano com cobertura certa para prevenir e tratar a sa\u00fade<\/p>\n\t\t<\/div>\n\t\t\n\t\t<a class=\"elementor-post__read-more\" href=\"https:\/\/www.planodesaudebelem.com.br\/site\/plano-amil-dental-205-empresarial-nacional-linha-classica\/\" aria-label=\"Read more about Plano Amil Dental 205 Empresarial Nacional Linha Classica\" >\n\t\t\tLeia Mais \u00bb\t\t<\/a>\n\n\t\t\t\t<\/div>\n\t\t\t\t<\/article>\n\t\t\t\t<article class=\"elementor-post elementor-grid-item post-3487 post type-post status-publish format-standard hentry category-amil-dental entry\">\n\t\t\t\t<div class=\"elementor-post__text\">\n\t\t\t\t<h3 class=\"elementor-post__title\">\n\t\t\t<a href=\"https:\/\/www.planodesaudebelem.com.br\/site\/plano-amil-dental-kids-k25-linha-kids\/\" >\n\t\t\t\tPlano Amil Dental Kids K25 Linha Kids\t\t\t<\/a>\n\t\t<\/h3>\n\t\t\t\t<div class=\"elementor-post__meta-data\">\n\t\t\t\t\t<span class=\"elementor-post-date\">\n\t\t\t27 de dezembro de 2020\t\t<\/span>\n\t\t\t\t<span class=\"elementor-post-avatar\">\n\t\t\tNenhum coment\u00e1rio\t\t<\/span>\n\t\t\t\t<\/div>\n\t\t\t\t<div class=\"elementor-post__excerpt\">\n\t\t\t<p>Linha Kids Dental Kids K25 O plano com o cuidado ideal para as necessidades bucais do seu filho durante a inf\u00e2ncia e adolesc\u00eancia: 228 procedimentos<\/p>\n\t\t<\/div>\n\t\t\n\t\t<a class=\"elementor-post__read-more\" href=\"https:\/\/www.planodesaudebelem.com.br\/site\/plano-amil-dental-kids-k25-linha-kids\/\" aria-label=\"Read more about Plano Amil Dental Kids K25 Linha Kids\" >\n\t\t\tLeia Mais \u00bb\t\t<\/a>\n\n\t\t\t\t<\/div>\n\t\t\t\t<\/article>\n\t\t\t\t<article class=\"elementor-post elementor-grid-item post-3485 post type-post status-publish format-standard hentry category-amil-dental entry\">\n\t\t\t\t<div class=\"elementor-post__text\">\n\t\t\t\t<h3 class=\"elementor-post__title\">\n\t\t\t<a href=\"https:\/\/www.planodesaudebelem.com.br\/site\/plano-amil-dental-e45-orto-linha-estetica\/\" >\n\t\t\t\tPlano Amil Dental E45 Orto Linha Estetica\t\t\t<\/a>\n\t\t<\/h3>\n\t\t\t\t<div class=\"elementor-post__meta-data\">\n\t\t\t\t\t<span class=\"elementor-post-date\">\n\t\t\t27 de dezembro de 2020\t\t<\/span>\n\t\t\t\t<span class=\"elementor-post-avatar\">\n\t\t\tNenhum coment\u00e1rio\t\t<\/span>\n\t\t\t\t<\/div>\n\t\t\t\t<div class=\"elementor-post__excerpt\">\n\t\t\t<p>Linha Estetica Dental E45 Orto Plano para quem precisa de tratamentos de corre\u00e7\u00e3o da posi\u00e7\u00e3o dos dentes, incluindo manuten\u00e7\u00e3o de aparelho ortod\u00f4ntico, documenta\u00e7\u00e3o ortod\u00f4ntica completa<\/p>\n\t\t<\/div>\n\t\t\n\t\t<a class=\"elementor-post__read-more\" href=\"https:\/\/www.planodesaudebelem.com.br\/site\/plano-amil-dental-e45-orto-linha-estetica\/\" aria-label=\"Read more about Plano Amil Dental E45 Orto Linha Estetica\" >\n\t\t\tLeia Mais \u00bb\t\t<\/a>\n\n\t\t\t\t<\/div>\n\t\t\t\t<\/article>\n\t\t\t\t<article class=\"elementor-post elementor-grid-item post-3483 post type-post status-publish format-standard hentry category-amil-dental entry\">\n\t\t\t\t<div class=\"elementor-post__text\">\n\t\t\t\t<h3 class=\"elementor-post__title\">\n\t\t\t<a href=\"https:\/\/www.planodesaudebelem.com.br\/site\/plano-amil-dental-e35-protese-linha-estetica\/\" >\n\t\t\t\tPlano Amil Dental E35 Pr\u00f3tese Linha Estetica\t\t\t<\/a>\n\t\t<\/h3>\n\t\t\t\t<div class=\"elementor-post__meta-data\">\n\t\t\t\t\t<span class=\"elementor-post-date\">\n\t\t\t27 de dezembro de 2020\t\t<\/span>\n\t\t\t\t<span class=\"elementor-post-avatar\">\n\t\t\tNenhum coment\u00e1rio\t\t<\/span>\n\t\t\t\t<\/div>\n\t\t\t\t<div class=\"elementor-post__excerpt\">\n\t\t\t<p>Linha Estetica Dental E35 Pr\u00f3tese Plano para quem precisa de tratamentos de reconstru\u00e7\u00e3o e reposi\u00e7\u00e3o dent\u00e1ria, incluindo &#8220;ponte\u201d m\u00f3vel parcial e coroa total unit\u00e1ria em<\/p>\n\t\t<\/div>\n\t\t\n\t\t<a class=\"elementor-post__read-more\" href=\"https:\/\/www.planodesaudebelem.com.br\/site\/plano-amil-dental-e35-protese-linha-estetica\/\" aria-label=\"Read more about Plano Amil Dental E35 Pr\u00f3tese Linha Estetica\" >\n\t\t\tLeia Mais \u00bb\t\t<\/a>\n\n\t\t\t\t<\/div>\n\t\t\t\t<\/article>\n\t\t\t\t<article class=\"elementor-post elementor-grid-item post-3481 post type-post status-publish format-standard hentry category-amil-dental entry\">\n\t\t\t\t<div class=\"elementor-post__text\">\n\t\t\t\t<h3 class=\"elementor-post__title\">\n\t\t\t<a href=\"https:\/\/www.planodesaudebelem.com.br\/site\/plano-amil-dental-50-ne-linha-classica-regional\/\" >\n\t\t\t\tPlano Amil Dental 50 NE Linha Classica Regional\t\t\t<\/a>\n\t\t<\/h3>\n\t\t\t\t<div class=\"elementor-post__meta-data\">\n\t\t\t\t\t<span class=\"elementor-post-date\">\n\t\t\t27 de dezembro de 2020\t\t<\/span>\n\t\t\t\t<span class=\"elementor-post-avatar\">\n\t\t\tNenhum coment\u00e1rio\t\t<\/span>\n\t\t\t\t<\/div>\n\t\t\t\t<div class=\"elementor-post__excerpt\">\n\t\t\t<p>Dental 50 NE Linha Classica Regional O Plano com cobertura certa para voc\u00ea prevenir e tratar a sua sa\u00fade bucal na sua regi\u00e3o. O atendimento<\/p>\n\t\t<\/div>\n\t\t\n\t\t<a class=\"elementor-post__read-more\" href=\"https:\/\/www.planodesaudebelem.com.br\/site\/plano-amil-dental-50-ne-linha-classica-regional\/\" aria-label=\"Read more about Plano Amil Dental 50 NE Linha Classica Regional\" >\n\t\t\tLeia Mais \u00bb\t\t<\/a>\n\n\t\t\t\t<\/div>\n\t\t\t\t<\/article>\n\t\t\t\t<article class=\"elementor-post elementor-grid-item post-3478 post type-post status-publish format-standard hentry category-amil-dental entry\">\n\t\t\t\t<div class=\"elementor-post__text\">\n\t\t\t\t<h3 class=\"elementor-post__title\">\n\t\t\t<a href=\"https:\/\/www.planodesaudebelem.com.br\/site\/plano-amil-dental-205\/\" >\n\t\t\t\tPlano Amil Dental 205 para 3 ou mais\t\t\t<\/a>\n\t\t<\/h3>\n\t\t\t\t<div class=\"elementor-post__meta-data\">\n\t\t\t\t\t<span class=\"elementor-post-date\">\n\t\t\t27 de dezembro de 2020\t\t<\/span>\n\t\t\t\t<span class=\"elementor-post-avatar\">\n\t\t\tNenhum coment\u00e1rio\t\t<\/span>\n\t\t\t\t<\/div>\n\t\t\t\t<div class=\"elementor-post__excerpt\">\n\t\t\t<p>Dental 205 para 3 ou mais Linha Classica Nacional O plano com cobertura certa para voc\u00ea prevenir e tratar a sua sa\u00fade bucal, incluindo a<\/p>\n\t\t<\/div>\n\t\t\n\t\t<a class=\"elementor-post__read-more\" href=\"https:\/\/www.planodesaudebelem.com.br\/site\/plano-amil-dental-205\/\" aria-label=\"Read more about Plano Amil Dental 205 para 3 ou mais\" >\n\t\t\tLeia Mais \u00bb\t\t<\/a>\n\n\t\t\t\t<\/div>\n\t\t\t\t<\/article>\n\t\t\t\t<article class=\"elementor-post elementor-grid-item post-3476 post type-post status-publish format-standard hentry category-amil-dental entry\">\n\t\t\t\t<div class=\"elementor-post__text\">\n\t\t\t\t<h3 class=\"elementor-post__title\">\n\t\t\t<a href=\"https:\/\/www.planodesaudebelem.com.br\/site\/plano-amil-dental-205-para-1-ou-2-pessoas-linha-classica-nacional\/\" >\n\t\t\t\tPlano Amil Dental 205 para 1 ou 2 pessoas Linha Classica Nacional\t\t\t<\/a>\n\t\t<\/h3>\n\t\t\t\t<div class=\"elementor-post__meta-data\">\n\t\t\t\t\t<span class=\"elementor-post-date\">\n\t\t\t27 de dezembro de 2020\t\t<\/span>\n\t\t\t\t<span class=\"elementor-post-avatar\">\n\t\t\tNenhum coment\u00e1rio\t\t<\/span>\n\t\t\t\t<\/div>\n\t\t\t\t<div class=\"elementor-post__excerpt\">\n\t\t\t<p>Plano Amil Dental 205 Dental 205 para 1 ou 2 pessoas Linha Classica Nacional O plano com cobertura certa para voc\u00ea prevenir e tratar a<\/p>\n\t\t<\/div>\n\t\t\n\t\t<a class=\"elementor-post__read-more\" href=\"https:\/\/www.planodesaudebelem.com.br\/site\/plano-amil-dental-205-para-1-ou-2-pessoas-linha-classica-nacional\/\" aria-label=\"Read more about Plano Amil Dental 205 para 1 ou 2 pessoas Linha Classica Nacional\" >\n\t\t\tLeia Mais \u00bb\t\t<\/a>\n\n\t\t\t\t<\/div>\n\t\t\t\t<\/article>\n\t\t\t\t<\/div>\n\t\t\n\t\t\t\t<\/div>\n\t\t\t\t<\/div>\n\t\t\t\t\t\t<\/div>\n\t\t\t\t\t<\/div>\n\t\t<\/div>\n\t\t\t\t\t\t\t\t<\/div>\n\t\t\t\t\t<\/div>\n\t\t<\/section>\n\t\t\t\t\t\t\t\t\t<\/div>\n\t\t\t<\/div>\n\t\t\t\t\t<\/div>\n\t\t","protected":false},"excerpt":{"rendered":"<p>Plano Amil Dental Bel\u00e9m A crescente busca pelo sorriso perfeito nos \u00faltimos anos tem feito o mercado de planos dentais crescer constantemente. Al\u00e9m disso, houve\u00a0a conscientiza\u00e7\u00e3o de ter uma boca saud\u00e1vel, mantendo um equil\u00edbrio com est\u00e9tica e sa\u00fade. Pensando em lhe auxiliar na manuten\u00e7\u00e3o da sua sa\u00fade, oferecemos-lhe o Plano Amil Dental Cascavel, direcionado para [&hellip;]<\/p>\n","protected":false},"author":4,"featured_media":3337,"comment_status":"closed","ping_status":"closed","sticky":false,"template":"","format":"standard","meta":[],"categories":[4,7],"tags":[],"_links":{"self":[{"href":"https:\/\/www.planodesaudebelem.com.br\/site\/wp-json\/wp\/v2\/posts\/3392"}],"collection":[{"href":"https:\/\/www.planodesaudebelem.com.br\/site\/wp-json\/wp\/v2\/posts"}],"about":[{"href":"https:\/\/www.planodesaudebelem.com.br\/site\/wp-json\/wp\/v2\/types\/post"}],"author":[{"embeddable":true,"href":"https:\/\/www.planodesaudebelem.com.br\/site\/wp-json\/wp\/v2\/users\/4"}],"replies":[{"embeddable":true,"href":"https:\/\/www.planodesaudebelem.com.br\/site\/wp-json\/wp\/v2\/comments?post=3392"}],"version-history":[{"count":6,"href":"https:\/\/www.planodesaudebelem.com.br\/site\/wp-json\/wp\/v2\/posts\/3392\/revisions"}],"predecessor-version":[{"id":3660,"href":"https:\/\/www.planodesaudebelem.com.br\/site\/wp-json\/wp\/v2\/posts\/3392\/revisions\/3660"}],"wp:featuredmedia":[{"embeddable":true,"href":"https:\/\/www.planodesaudebelem.com.br\/site\/wp-json\/wp\/v2\/media\/3337"}],"wp:attachment":[{"href":"https:\/\/www.planodesaudebelem.com.br\/site\/wp-json\/wp\/v2\/media?parent=3392"}],"wp:term":[{"taxonomy":"category","embeddable":true,"href":"https:\/\/www.planodesaudebelem.com.br\/site\/wp-json\/wp\/v2\/categories?post=3392"},{"taxonomy":"post_tag","embeddable":true,"href":"https:\/\/www.planodesaudebelem.com.br\/site\/wp-json\/wp\/v2\/tags?post=3392"}],"curies":[{"name":"wp","href":"https:\/\/api.w.org\/{rel}","templated":true}]}}