{"id":3328,"date":"2020-12-23T14:02:14","date_gmt":"2020-12-23T17:02:14","guid":{"rendered":"https:\/\/www.planodesaudebelem.com.br\/?p=3328"},"modified":"2020-12-23T14:02:14","modified_gmt":"2020-12-23T17:02:14","slug":"odontoprev-plano-dental-orto-belem","status":"publish","type":"post","link":"https:\/\/www.planodesaudebelem.com.br\/site\/odontoprev-plano-dental-orto-belem\/","title":{"rendered":"Odontoprev | Plano Dental Orto Bel\u00e9m"},"content":{"rendered":"<h3>Aqui voc\u00ea encontra planos mensais e anuais sem car\u00eancia, para usar amanh\u00e3!<\/h3>\n<p>Chegou a hora de realizar o sonho de ter seus dentes bonitos e alinhados. O Plano Dental Orto da Odontoprev \u00e9 ideal para voc\u00ea que quer e precisa colocar aparelho para ajustar seus dentes. Existe um mito de que colocar aparelho \u00e9 caro e chato mas com a OdontoPrev voc\u00ea paga pouco e tem um tratamento tranquilo. Al\u00e9m disso voc\u00ea pode escolher um dentista pr\u00f3ximo de voc\u00ea e agendar consultas online. Pensa que o plano s\u00f3 cobre isso? N\u00e3o! Este plano te d\u00e1 uma ampla cobertura al\u00e9m da documenta\u00e7\u00e3o, coloca\u00e7\u00e3o e manuten\u00e7\u00e3o do seu aparelho.<\/p>\n<p>Estamos em acordo com a ANS, respeitando os procedimentos que devemos cobrir.<\/p>\n<p>**O(s) plano(s) somente ser\u00e1(\u00e3o) ativado(s) ap\u00f3s confirma\u00e7\u00e3o do pagamento. Para a modalidade boleto banc\u00e1rio, o prazo da baixa banc\u00e1ria pode ser de at\u00e9 48 horas \u00fateis.<\/p>\n<h2>Coberturas<\/h2>\n<ul>\n<li>Aplica\u00e7\u00e3o de Fl\u00faor e Selantes<\/li>\n<li>Cirurgia e Radiografias<\/li>\n<li>Coloca\u00e7\u00e3o + Manuten\u00e7\u00e3o de Aparelho<\/li>\n<li>Consultas com Especialistas em Odontopediatria<\/li>\n<li>Documenta\u00e7\u00e3o e Radiografias Ortod\u00f4nticas<\/li>\n<li>Emerg\u00eancia e Urg\u00eancia<\/li>\n<li>Extra\u00e7\u00e3o de Dentes do Siso<\/li>\n<li>Limpezas Peri\u00f3dicas<\/li>\n<li>Orienta\u00e7\u00e3o de Higiene Bucal<\/li>\n<li>Pr\u00f3teses Simples (unit\u00e1ria)<\/li>\n<li>Restaura\u00e7\u00f5es<\/li>\n<li>Tratamento de Canal e Gengiva<\/li>\n<li>Placa de Clareamento + Gel<\/li>\n<li>Pr\u00f3teses (Completa)<\/li>\n<\/ul>\n<h3><u>Dentistas Perto de Voc\u00ea<\/u><\/h3>\n<p><u>S\u00e3o mais de 28 mil dentistas espalhados pelo Brasil. Encontre o mais pr\u00f3ximo de voc\u00ea e agende sua consulta online. <\/u><\/p>\n<p>&nbsp;<\/p>\n<h3>Qualidade Garantida<\/h3>\n<p>Dentistas com mais de 10 anos de experi\u00eancia e sempre uma segunda opini\u00e3o no seu tratamento.<\/p>\n<h3>Cabe no Seu Bolso<\/h3>\n<p>Diversos planos com pre\u00e7os justos e que voc\u00ea pode pagar!<\/p>\n<h3>Customiza\u00e7\u00e3o<\/h3>\n<p>S\u00f3 na OdontoPrev voc\u00ea escolhe o plano que melhor se adapta ao seu momento de vida! Sem pegadinha! coberturas de verdade com transpar\u00eancia e seguran\u00e7a.<\/p>\n<p>&nbsp;<\/p>\n<p>&nbsp;<\/p>\n","protected":false},"excerpt":{"rendered":"<p>Aqui voc\u00ea encontra planos mensais e anuais sem car\u00eancia, para usar amanh\u00e3! Chegou a hora de realizar o sonho de ter seus dentes bonitos e alinhados. O Plano Dental Orto da Odontoprev \u00e9 ideal para voc\u00ea que quer e precisa colocar aparelho para ajustar seus dentes. Existe um mito de que colocar aparelho \u00e9 caro [&hellip;]<\/p>\n","protected":false},"author":4,"featured_media":0,"comment_status":"closed","ping_status":"closed","sticky":false,"template":"","format":"standard","meta":[],"categories":[11],"tags":[],"_links":{"self":[{"href":"https:\/\/www.planodesaudebelem.com.br\/site\/wp-json\/wp\/v2\/posts\/3328"}],"collection":[{"href":"https:\/\/www.planodesaudebelem.com.br\/site\/wp-json\/wp\/v2\/posts"}],"about":[{"href":"https:\/\/www.planodesaudebelem.com.br\/site\/wp-json\/wp\/v2\/types\/post"}],"author":[{"embeddable":true,"href":"https:\/\/www.planodesaudebelem.com.br\/site\/wp-json\/wp\/v2\/users\/4"}],"replies":[{"embeddable":true,"href":"https:\/\/www.planodesaudebelem.com.br\/site\/wp-json\/wp\/v2\/comments?post=3328"}],"version-history":[{"count":1,"href":"https:\/\/www.planodesaudebelem.com.br\/site\/wp-json\/wp\/v2\/posts\/3328\/revisions"}],"predecessor-version":[{"id":3329,"href":"https:\/\/www.planodesaudebelem.com.br\/site\/wp-json\/wp\/v2\/posts\/3328\/revisions\/3329"}],"wp:attachment":[{"href":"https:\/\/www.planodesaudebelem.com.br\/site\/wp-json\/wp\/v2\/media?parent=3328"}],"wp:term":[{"taxonomy":"category","embeddable":true,"href":"https:\/\/www.planodesaudebelem.com.br\/site\/wp-json\/wp\/v2\/categories?post=3328"},{"taxonomy":"post_tag","embeddable":true,"href":"https:\/\/www.planodesaudebelem.com.br\/site\/wp-json\/wp\/v2\/tags?post=3328"}],"curies":[{"name":"wp","href":"https:\/\/api.w.org\/{rel}","templated":true}]}}