{"id":3319,"date":"2020-12-23T13:58:02","date_gmt":"2020-12-23T16:58:02","guid":{"rendered":"https:\/\/www.planodesaudebelem.com.br\/?p=3319"},"modified":"2020-12-23T14:03:00","modified_gmt":"2020-12-23T17:03:00","slug":"odontoprev-plano-dental-junior-belem","status":"publish","type":"post","link":"https:\/\/www.planodesaudebelem.com.br\/site\/odontoprev-plano-dental-junior-belem\/","title":{"rendered":"Odontoprev | Plano Dental Junior Bel\u00e9m"},"content":{"rendered":"<h3><strong>Aqui voc\u00ea encontra planos mensais e anuais\u00a0sem car\u00eancia,<\/strong> <strong>para usar amanh\u00e3!<\/strong><\/h3>\n<p>Chegou o novo plano Dental J\u00fanior da OdontoPrev! O plano que faltava para voc\u00ea cuidar da sua fam\u00edlia por completo!<\/p>\n<p>A pr\u00e9-adolesc\u00eancia e adolesc\u00eancia s\u00e3o um per\u00edodo muito importante da vida dos nossos filhos onde eles crescem, se transformam e se preparam para a vida. Cuidar da boca deles desde o come\u00e7o \u00e9 garantir um futuro saud\u00e1vel e tranquilo, sem preocupa\u00e7\u00f5es!<\/p>\n<p>Foi pensando nisso que a OdontoPrev lan\u00e7ou o Plano Dental J\u00fanior, especial para o final da inf\u00e2ncia e para acompanh\u00e1-los por toda a adolesc\u00eancia, dos 8 aos 16\u00a0anos.<\/p>\n<p>Estamos em acordo com a ANS, respeitando os procedimentos que devemos cobrir.<\/p>\n<p>**O(s) plano(s) somente ser\u00e1(\u00e3o) ativado(s) ap\u00f3s confirma\u00e7\u00e3o do\u00a0pagamento. Para a modalidade boleto banc\u00e1rio, o prazo da baixa banc\u00e1ria pode ser de at\u00e9 48 horas \u00fateis.<\/p>\n<h2>Coberturas<\/h2>\n<ul>\n<li>Aplica\u00e7\u00e3o de Fl\u00faor e Selantes<\/li>\n<li>Cirurgia e Radiografias<\/li>\n<li>Consultas com Especialistas em Odontopediatria<\/li>\n<li>Emerg\u00eancia e Urg\u00eancia<\/li>\n<li>Extra\u00e7\u00e3o de Dentes do Siso<\/li>\n<li>Limpezas Peri\u00f3dicas<\/li>\n<li>Orienta\u00e7\u00e3o de Higiene Bucal<\/li>\n<li>Pr\u00f3teses Simples (unit\u00e1ria)<\/li>\n<li>Restaura\u00e7\u00f5es<\/li>\n<li>Tratamento de Canal e Gengiva<\/li>\n<li>Coloca\u00e7\u00e3o + Manuten\u00e7\u00e3o de Aparelho<\/li>\n<li>Documenta\u00e7\u00e3o e Radiografias Ortod\u00f4nticas<\/li>\n<li>Placa de Clareamento + Gel<\/li>\n<li>Pr\u00f3teses (Completa)<\/li>\n<\/ul>\n<h3><u>Dentistas Perto de Voc\u00ea<\/u><\/h3>\n<p><u>S\u00e3o mais de 28 mil dentistas espalhados pelo Brasil. Encontre o mais pr\u00f3ximo de voc\u00ea e agende sua consulta online. <\/u><\/p>\n<p>&nbsp;<\/p>\n<h3>Qualidade Garantida<\/h3>\n<p>Dentistas com mais de 10 anos de experi\u00eancia e sempre uma segunda opini\u00e3o no seu tratamento.<\/p>\n<h3>Cabe no Seu Bolso<\/h3>\n<p>Diversos planos com pre\u00e7os justos e que voc\u00ea pode pagar!<\/p>\n<h3>Customiza\u00e7\u00e3o<\/h3>\n<p>S\u00f3 na OdontoPrev voc\u00ea escolhe o plano que melhor se adapta ao seu momento de vida! Sem pegadinha! coberturas de verdade com transpar\u00eancia e seguran\u00e7a.<\/p>\n<p>&nbsp;<\/p>\n<p>&nbsp;<\/p>\n","protected":false},"excerpt":{"rendered":"<p>Aqui voc\u00ea encontra planos mensais e anuais\u00a0sem car\u00eancia, para usar amanh\u00e3! Chegou o novo plano Dental J\u00fanior da OdontoPrev! O plano que faltava para voc\u00ea cuidar da sua fam\u00edlia por completo! A pr\u00e9-adolesc\u00eancia e adolesc\u00eancia s\u00e3o um per\u00edodo muito importante da vida dos nossos filhos onde eles crescem, se transformam e se preparam para a [&hellip;]<\/p>\n","protected":false},"author":4,"featured_media":0,"comment_status":"closed","ping_status":"closed","sticky":false,"template":"","format":"standard","meta":[],"categories":[11],"tags":[],"_links":{"self":[{"href":"https:\/\/www.planodesaudebelem.com.br\/site\/wp-json\/wp\/v2\/posts\/3319"}],"collection":[{"href":"https:\/\/www.planodesaudebelem.com.br\/site\/wp-json\/wp\/v2\/posts"}],"about":[{"href":"https:\/\/www.planodesaudebelem.com.br\/site\/wp-json\/wp\/v2\/types\/post"}],"author":[{"embeddable":true,"href":"https:\/\/www.planodesaudebelem.com.br\/site\/wp-json\/wp\/v2\/users\/4"}],"replies":[{"embeddable":true,"href":"https:\/\/www.planodesaudebelem.com.br\/site\/wp-json\/wp\/v2\/comments?post=3319"}],"version-history":[{"count":4,"href":"https:\/\/www.planodesaudebelem.com.br\/site\/wp-json\/wp\/v2\/posts\/3319\/revisions"}],"predecessor-version":[{"id":3330,"href":"https:\/\/www.planodesaudebelem.com.br\/site\/wp-json\/wp\/v2\/posts\/3319\/revisions\/3330"}],"wp:attachment":[{"href":"https:\/\/www.planodesaudebelem.com.br\/site\/wp-json\/wp\/v2\/media?parent=3319"}],"wp:term":[{"taxonomy":"category","embeddable":true,"href":"https:\/\/www.planodesaudebelem.com.br\/site\/wp-json\/wp\/v2\/categories?post=3319"},{"taxonomy":"post_tag","embeddable":true,"href":"https:\/\/www.planodesaudebelem.com.br\/site\/wp-json\/wp\/v2\/tags?post=3319"}],"curies":[{"name":"wp","href":"https:\/\/api.w.org\/{rel}","templated":true}]}}