{"id":3310,"date":"2020-12-23T13:55:59","date_gmt":"2020-12-23T16:55:59","guid":{"rendered":"https:\/\/www.planodesaudebelem.com.br\/?p=3310"},"modified":"2020-12-23T13:55:59","modified_gmt":"2020-12-23T16:55:59","slug":"odontoprev-plano-dente-de-leite-belem","status":"publish","type":"post","link":"https:\/\/www.planodesaudebelem.com.br\/site\/odontoprev-plano-dente-de-leite-belem\/","title":{"rendered":"Odontoprev | Plano Dente de Leite Belem"},"content":{"rendered":"<h3>Aqui voc\u00ea encontra planos mensais e\u00a0anuais sem car\u00eancia, para usar amanh\u00e3!<\/h3>\n<p>A sa\u00fade e seguran\u00e7a dos nossos filhos vem sempre em 1\u00ba lugar, n\u00e3o \u00e9 mesmo? Eles s\u00e3o nosso maior orgulho e para acompanhar o desenvolvimento dos dentinhos deles a OdontoPrev criou o Programa Dente de Leite.<\/p>\n<p>Este programa \u00e9 exclusivo para crian\u00e7as entre 0 e 7 anos e conta com uma equipe de especialistas em odontopediatria para\u00a0ajudar na introdu\u00e7\u00e3o aos cuidados bucais di\u00e1rios.<\/p>\n<p>Nesta fase de forma\u00e7\u00e3o dos dentes \u00e9 importante um acompanhamento pr\u00f3ximo, feito por especialistas atrav\u00e9s de atividades educativas. Voc\u00ea e seus filhos aprendem brincando as melhores pr\u00e1ticas e cuidados com os dentes, atrav\u00e9s dos melhores odontopediatras da rede.<\/p>\n<p>Estamos em acordo com a ANS, respeitando os procedimentos que devemos cobrir.<\/p>\n<p>**O(s) plano(s) somente ser\u00e1(\u00e3o) ativado(s) ap\u00f3s confirma\u00e7\u00e3o do\u00a0pagamento. Para a modalidade boleto banc\u00e1rio, o prazo da baixa banc\u00e1ria pode ser de at\u00e9 48 horas \u00fateis.<\/p>\n<p><strong>\u00a0<\/strong><\/p>\n<p><strong>Coberturas<\/strong><\/p>\n<ul>\n<li>Aplica\u00e7\u00e3o de Fl\u00faor e Selantes<\/li>\n<li>Cirurgia e Radiografias<\/li>\n<li>Consultas com Especialistas em Odontopediatria<\/li>\n<li>Emerg\u00eancia e Urg\u00eancia<\/li>\n<li>Extra\u00e7\u00e3o de Dentes do Siso<\/li>\n<li>Limpezas Peri\u00f3dicas<\/li>\n<li>Orienta\u00e7\u00e3o de Higiene Bucal<\/li>\n<li>Pr\u00f3teses Simples (unit\u00e1ria)<\/li>\n<li>Restaura\u00e7\u00f5es<\/li>\n<li>Tratamento de Canal e Gengiva<\/li>\n<li>Coloca\u00e7\u00e3o + Manuten\u00e7\u00e3o de Aparelho<\/li>\n<li>Documenta\u00e7\u00e3o e Radiografias Ortod\u00f4nticas<\/li>\n<li>Placa de Clareamento + Gel<\/li>\n<li>Pr\u00f3teses (Completa)<\/li>\n<\/ul>\n<p>&nbsp;<\/p>\n<p>&nbsp;<\/p>\n<h3><u>Dentistas Perto de Voc\u00ea<\/u><\/h3>\n<p><u>S\u00e3o mais de 28 mil dentistas espalhados pelo Brasil. Encontre o mais pr\u00f3ximo de voc\u00ea e agende sua consulta online.<\/u><\/p>\n<p>&nbsp;<\/p>\n<p>&nbsp;<\/p>\n<h3>Qualidade Garantida<\/h3>\n<p>Dentistas com mais de 10 anos de experi\u00eancia e sempre uma segunda opini\u00e3o no seu tratamento.<\/p>\n<p>&nbsp;<\/p>\n<h3>Cabe no Seu Bolso<\/h3>\n<p>Diversos planos com pre\u00e7os justos e que voc\u00ea pode pagar!<\/p>\n<p>&nbsp;<\/p>\n<h3>Customiza\u00e7\u00e3o<\/h3>\n<p>S\u00f3 na OdontoPrev voc\u00ea escolhe o plano que melhor se adapta ao seu momento de vida! Sem pegadinha! coberturas de verdade com transpar\u00eancia e seguran\u00e7a.<\/p>\n","protected":false},"excerpt":{"rendered":"<p>Aqui voc\u00ea encontra planos mensais e\u00a0anuais sem car\u00eancia, para usar amanh\u00e3! A sa\u00fade e seguran\u00e7a dos nossos filhos vem sempre em 1\u00ba lugar, n\u00e3o \u00e9 mesmo? Eles s\u00e3o nosso maior orgulho e para acompanhar o desenvolvimento dos dentinhos deles a OdontoPrev criou o Programa Dente de Leite. Este programa \u00e9 exclusivo para crian\u00e7as entre 0 [&hellip;]<\/p>\n","protected":false},"author":4,"featured_media":0,"comment_status":"closed","ping_status":"closed","sticky":false,"template":"","format":"standard","meta":[],"categories":[11],"tags":[],"_links":{"self":[{"href":"https:\/\/www.planodesaudebelem.com.br\/site\/wp-json\/wp\/v2\/posts\/3310"}],"collection":[{"href":"https:\/\/www.planodesaudebelem.com.br\/site\/wp-json\/wp\/v2\/posts"}],"about":[{"href":"https:\/\/www.planodesaudebelem.com.br\/site\/wp-json\/wp\/v2\/types\/post"}],"author":[{"embeddable":true,"href":"https:\/\/www.planodesaudebelem.com.br\/site\/wp-json\/wp\/v2\/users\/4"}],"replies":[{"embeddable":true,"href":"https:\/\/www.planodesaudebelem.com.br\/site\/wp-json\/wp\/v2\/comments?post=3310"}],"version-history":[{"count":1,"href":"https:\/\/www.planodesaudebelem.com.br\/site\/wp-json\/wp\/v2\/posts\/3310\/revisions"}],"predecessor-version":[{"id":3311,"href":"https:\/\/www.planodesaudebelem.com.br\/site\/wp-json\/wp\/v2\/posts\/3310\/revisions\/3311"}],"wp:attachment":[{"href":"https:\/\/www.planodesaudebelem.com.br\/site\/wp-json\/wp\/v2\/media?parent=3310"}],"wp:term":[{"taxonomy":"category","embeddable":true,"href":"https:\/\/www.planodesaudebelem.com.br\/site\/wp-json\/wp\/v2\/categories?post=3310"},{"taxonomy":"post_tag","embeddable":true,"href":"https:\/\/www.planodesaudebelem.com.br\/site\/wp-json\/wp\/v2\/tags?post=3310"}],"curies":[{"name":"wp","href":"https:\/\/api.w.org\/{rel}","templated":true}]}}