{"id":3308,"date":"2020-12-23T13:52:51","date_gmt":"2020-12-23T16:52:51","guid":{"rendered":"https:\/\/www.planodesaudebelem.com.br\/plano-de-saude-odontoprev-belem\/"},"modified":"2021-01-11T08:45:22","modified_gmt":"2021-01-11T11:45:22","slug":"plano-de-saude-odontoprev-belem","status":"publish","type":"post","link":"https:\/\/www.planodesaudebelem.com.br\/site\/plano-de-saude-odontoprev-belem\/","title":{"rendered":"Plano de Saude Odontoprev Belem"},"content":{"rendered":"\t\t<div data-elementor-type=\"wp-post\" data-elementor-id=\"3308\" class=\"elementor elementor-3308\">\n\t\t\t\t\t\t<div class=\"elementor-inner\">\n\t\t\t\t<div class=\"elementor-section-wrap\">\n\t\t\t\t\t\t\t\t\t<section class=\"elementor-section elementor-top-section elementor-element elementor-element-1387ab70 elementor-section-boxed elementor-section-height-default elementor-section-height-default\" data-id=\"1387ab70\" data-element_type=\"section\">\n\t\t\t\t\t\t<div class=\"elementor-container elementor-column-gap-default\">\n\t\t\t\t\t\t\t<div class=\"elementor-row\">\n\t\t\t\t\t<div class=\"elementor-column elementor-col-100 elementor-top-column elementor-element elementor-element-69a6478e\" data-id=\"69a6478e\" data-element_type=\"column\">\n\t\t\t<div class=\"elementor-column-wrap elementor-element-populated\">\n\t\t\t\t\t\t\t<div class=\"elementor-widget-wrap\">\n\t\t\t\t\t\t<div class=\"elementor-element elementor-element-22fa31db elementor-widget elementor-widget-text-editor\" data-id=\"22fa31db\" data-element_type=\"widget\" data-widget_type=\"text-editor.default\">\n\t\t\t\t<div class=\"elementor-widget-container\">\n\t\t\t\t\t\t\t\t<div class=\"elementor-text-editor elementor-clearfix\">\n\t\t\t\t<h1><span style=\"font-size: 16pt;\"><span style=\"color: #2e74b5;\">Plano Odontoprev Belem <\/span><\/span><\/h1><p><span style=\"font-size: 12pt;\">Ter um sorriso bonito e saud\u00e1vel requer cuidados espec\u00edficos com a sa\u00fade bucal, n\u00e3o somente por est\u00e9tica, mas para manter o seu corpo saud\u00e1vel pois, muitas doen\u00e7as que adquirimos prov\u00eam do cont\u00e1gio pela boca. Cuidar dos seus dentes, al\u00e9m de lhe deixar em dia com a sa\u00fade bucal, lhe proporciona bem-estar e seguran\u00e7a. Seu sorriso tamb\u00e9m \u00e9 um cart\u00e3o de visitas pessoal, por isso que o Plano Odontoprev Belem tem\u00a0um servi\u00e7o completo com uma rede credenciada abrangente que lhe ajudar\u00e1 a cuidar dos seus dentes.<\/span><\/p><p><span style=\"font-size: 12pt;\">O Plano Odontoprev <\/span><span style=\"font-size: 12pt;\"><span style=\"font-size: 12pt;\">Belem <\/span>\u00e9 l\u00edder no segmento de assist\u00eancia odontol\u00f3gica, possuindo maior opera\u00e7\u00e3o no mercado brasileiro. Presente em todas as regi\u00f5es do Brasil, e agora em Cascavel, a bandeira conta com mais de 25 mil dentistas credenciados e voc\u00ea poder\u00e1 usar o seu beneficio onde estiver. <br \/><\/span><\/p><p><span style=\"font-size: 12pt;\">O Plano Odontoprev <\/span><span style=\"font-size: 12pt;\"><span style=\"font-size: 12pt;\">Belem <\/span>conta com uma planilha eletr\u00f4nica, onde constam todos os seus dados e tratamentos que dever\u00e3o ser feitos. Ent\u00e3o, em qualquer lugar que voc\u00ea precisar de um dentista, seu prontu\u00e1rio estar\u00e1 dispon\u00edvel para os profissionais\u00a0credenciados na rede.<\/span><\/p><h3><span style=\"font-size: 12pt;\"><span style=\"color: #1f4d78;\"><span style=\"color: #1974ce;\">Conhe\u00e7a Nossos Planos:<\/span><\/span><\/span><\/h3>\t\t\t\t\t<\/div>\n\t\t\t\t\t\t<\/div>\n\t\t\t\t<\/div>\n\t\t\t\t\t\t<\/div>\n\t\t\t\t\t<\/div>\n\t\t<\/div>\n\t\t\t\t\t\t\t\t<\/div>\n\t\t\t\t\t<\/div>\n\t\t<\/section>\n\t\t\t\t<section class=\"elementor-section elementor-top-section elementor-element elementor-element-f721844 elementor-section-boxed elementor-section-height-default elementor-section-height-default\" data-id=\"f721844\" data-element_type=\"section\">\n\t\t\t\t\t\t<div class=\"elementor-container elementor-column-gap-default\">\n\t\t\t\t\t\t\t<div class=\"elementor-row\">\n\t\t\t\t\t<div class=\"elementor-column elementor-col-100 elementor-top-column elementor-element elementor-element-b5dfe14\" data-id=\"b5dfe14\" data-element_type=\"column\">\n\t\t\t<div class=\"elementor-column-wrap elementor-element-populated\">\n\t\t\t\t\t\t\t<div class=\"elementor-widget-wrap\">\n\t\t\t\t\t\t<div class=\"elementor-element elementor-element-dec30a4 elementor-grid-1 elementor-posts--thumbnail-left elementor-grid-tablet-2 elementor-grid-mobile-1 elementor-widget elementor-widget-posts\" data-id=\"dec30a4\" data-element_type=\"widget\" data-settings=\"{&quot;classic_columns&quot;:&quot;1&quot;,&quot;classic_columns_tablet&quot;:&quot;2&quot;,&quot;classic_columns_mobile&quot;:&quot;1&quot;,&quot;classic_row_gap&quot;:{&quot;unit&quot;:&quot;px&quot;,&quot;size&quot;:35,&quot;sizes&quot;:[]},&quot;classic_row_gap_tablet&quot;:{&quot;unit&quot;:&quot;px&quot;,&quot;size&quot;:&quot;&quot;,&quot;sizes&quot;:[]},&quot;classic_row_gap_mobile&quot;:{&quot;unit&quot;:&quot;px&quot;,&quot;size&quot;:&quot;&quot;,&quot;sizes&quot;:[]}}\" data-widget_type=\"posts.classic\">\n\t\t\t\t<div class=\"elementor-widget-container\">\n\t\t\t\t\t<div class=\"elementor-posts-container elementor-posts elementor-posts--skin-classic elementor-grid\">\n\t\t\t\t<article class=\"elementor-post elementor-grid-item post-3331 post type-post status-publish format-standard hentry category-odontoprev entry\">\n\t\t\t\t<div class=\"elementor-post__text\">\n\t\t\t\t<h3 class=\"elementor-post__title\">\n\t\t\t<a href=\"https:\/\/www.planodesaudebelem.com.br\/site\/odontoprev-plano-dental-vip-belem\/\" >\n\t\t\t\tOdontoprev | Plano Dental Vip Bel\u00e9m\t\t\t<\/a>\n\t\t<\/h3>\n\t\t\t\t<div class=\"elementor-post__meta-data\">\n\t\t\t\t\t<span class=\"elementor-post-date\">\n\t\t\t23 de dezembro de 2020\t\t<\/span>\n\t\t\t\t<span class=\"elementor-post-avatar\">\n\t\t\tNenhum coment\u00e1rio\t\t<\/span>\n\t\t\t\t<\/div>\n\t\t\t\t<div class=\"elementor-post__excerpt\">\n\t\t\t<p>Aqui voc\u00ea encontra planos mensais e\u00a0anuais sem car\u00eancia, para usar amanh\u00e3! Se voc\u00ea procura um plano super completo este \u00e9 o perfeito para voc\u00ea. Al\u00e9m<\/p>\n\t\t<\/div>\n\t\t\n\t\t<a class=\"elementor-post__read-more\" href=\"https:\/\/www.planodesaudebelem.com.br\/site\/odontoprev-plano-dental-vip-belem\/\" aria-label=\"Read more about Odontoprev | Plano Dental Vip Bel\u00e9m\" >\n\t\t\tLeia Mais \u00bb\t\t<\/a>\n\n\t\t\t\t<\/div>\n\t\t\t\t<\/article>\n\t\t\t\t<article class=\"elementor-post elementor-grid-item post-3328 post type-post status-publish format-standard hentry category-odontoprev entry\">\n\t\t\t\t<div class=\"elementor-post__text\">\n\t\t\t\t<h3 class=\"elementor-post__title\">\n\t\t\t<a href=\"https:\/\/www.planodesaudebelem.com.br\/site\/odontoprev-plano-dental-orto-belem\/\" >\n\t\t\t\tOdontoprev | Plano Dental Orto Bel\u00e9m\t\t\t<\/a>\n\t\t<\/h3>\n\t\t\t\t<div class=\"elementor-post__meta-data\">\n\t\t\t\t\t<span class=\"elementor-post-date\">\n\t\t\t23 de dezembro de 2020\t\t<\/span>\n\t\t\t\t<span class=\"elementor-post-avatar\">\n\t\t\tNenhum coment\u00e1rio\t\t<\/span>\n\t\t\t\t<\/div>\n\t\t\t\t<div class=\"elementor-post__excerpt\">\n\t\t\t<p>Aqui voc\u00ea encontra planos mensais e anuais sem car\u00eancia, para usar amanh\u00e3! Chegou a hora de realizar o sonho de ter seus dentes bonitos e<\/p>\n\t\t<\/div>\n\t\t\n\t\t<a class=\"elementor-post__read-more\" href=\"https:\/\/www.planodesaudebelem.com.br\/site\/odontoprev-plano-dental-orto-belem\/\" aria-label=\"Read more about Odontoprev | Plano Dental Orto Bel\u00e9m\" >\n\t\t\tLeia Mais \u00bb\t\t<\/a>\n\n\t\t\t\t<\/div>\n\t\t\t\t<\/article>\n\t\t\t\t<article class=\"elementor-post elementor-grid-item post-3324 post type-post status-publish format-standard hentry category-odontoprev entry\">\n\t\t\t\t<div class=\"elementor-post__text\">\n\t\t\t\t<h3 class=\"elementor-post__title\">\n\t\t\t<a href=\"https:\/\/www.planodesaudebelem.com.br\/site\/odontoprev-plano-dental-estetica-belem\/\" >\n\t\t\t\tOdontoprev | Plano Dental Estetica Bel\u00e9m\t\t\t<\/a>\n\t\t<\/h3>\n\t\t\t\t<div class=\"elementor-post__meta-data\">\n\t\t\t\t\t<span class=\"elementor-post-date\">\n\t\t\t23 de dezembro de 2020\t\t<\/span>\n\t\t\t\t<span class=\"elementor-post-avatar\">\n\t\t\tNenhum coment\u00e1rio\t\t<\/span>\n\t\t\t\t<\/div>\n\t\t\t\t<div class=\"elementor-post__excerpt\">\n\t\t\t<p>Aqui voc\u00ea encontra planos mensais e\u00a0anuais sem car\u00eancia, para usar amanh\u00e3! Ter os dentes brancos e bonitos nunca foi t\u00e3o f\u00e1cil e perto de voc\u00ea.<\/p>\n\t\t<\/div>\n\t\t\n\t\t<a class=\"elementor-post__read-more\" href=\"https:\/\/www.planodesaudebelem.com.br\/site\/odontoprev-plano-dental-estetica-belem\/\" aria-label=\"Read more about Odontoprev | Plano Dental Estetica Bel\u00e9m\" >\n\t\t\tLeia Mais \u00bb\t\t<\/a>\n\n\t\t\t\t<\/div>\n\t\t\t\t<\/article>\n\t\t\t\t<article class=\"elementor-post elementor-grid-item post-3321 post type-post status-publish format-standard hentry category-odontoprev entry\">\n\t\t\t\t<div class=\"elementor-post__text\">\n\t\t\t\t<h3 class=\"elementor-post__title\">\n\t\t\t<a href=\"https:\/\/www.planodesaudebelem.com.br\/site\/odontoprev-plano-dental-bem-estar-belem\/\" >\n\t\t\t\tOdontoprev | Plano Dental Bem Estar Bel\u00e9m\t\t\t<\/a>\n\t\t<\/h3>\n\t\t\t\t<div class=\"elementor-post__meta-data\">\n\t\t\t\t\t<span class=\"elementor-post-date\">\n\t\t\t23 de dezembro de 2020\t\t<\/span>\n\t\t\t\t<span class=\"elementor-post-avatar\">\n\t\t\tNenhum coment\u00e1rio\t\t<\/span>\n\t\t\t\t<\/div>\n\t\t\t\t<div class=\"elementor-post__excerpt\">\n\t\t\t<p>Aqui voc\u00ea encontra planos mensais e\u00a0anuais sem car\u00eancia, para usar amanh\u00e3! Aqui voc\u00ea encontra um plano completo para a sa\u00fade e bem-estar dos seus dentes.<\/p>\n\t\t<\/div>\n\t\t\n\t\t<a class=\"elementor-post__read-more\" href=\"https:\/\/www.planodesaudebelem.com.br\/site\/odontoprev-plano-dental-bem-estar-belem\/\" aria-label=\"Read more about Odontoprev | Plano Dental Bem Estar Bel\u00e9m\" >\n\t\t\tLeia Mais \u00bb\t\t<\/a>\n\n\t\t\t\t<\/div>\n\t\t\t\t<\/article>\n\t\t\t\t<article class=\"elementor-post elementor-grid-item post-3319 post type-post status-publish format-standard hentry category-odontoprev entry\">\n\t\t\t\t<div class=\"elementor-post__text\">\n\t\t\t\t<h3 class=\"elementor-post__title\">\n\t\t\t<a href=\"https:\/\/www.planodesaudebelem.com.br\/site\/odontoprev-plano-dental-junior-belem\/\" >\n\t\t\t\tOdontoprev | Plano Dental Junior Bel\u00e9m\t\t\t<\/a>\n\t\t<\/h3>\n\t\t\t\t<div class=\"elementor-post__meta-data\">\n\t\t\t\t\t<span class=\"elementor-post-date\">\n\t\t\t23 de dezembro de 2020\t\t<\/span>\n\t\t\t\t<span class=\"elementor-post-avatar\">\n\t\t\tNenhum coment\u00e1rio\t\t<\/span>\n\t\t\t\t<\/div>\n\t\t\t\t<div class=\"elementor-post__excerpt\">\n\t\t\t<p>Aqui voc\u00ea encontra planos mensais e anuais\u00a0sem car\u00eancia, para usar amanh\u00e3! Chegou o novo plano Dental J\u00fanior da OdontoPrev! O plano que faltava para voc\u00ea<\/p>\n\t\t<\/div>\n\t\t\n\t\t<a class=\"elementor-post__read-more\" href=\"https:\/\/www.planodesaudebelem.com.br\/site\/odontoprev-plano-dental-junior-belem\/\" aria-label=\"Read more about Odontoprev | Plano Dental Junior Bel\u00e9m\" >\n\t\t\tLeia Mais \u00bb\t\t<\/a>\n\n\t\t\t\t<\/div>\n\t\t\t\t<\/article>\n\t\t\t\t<article class=\"elementor-post elementor-grid-item post-3310 post type-post status-publish format-standard hentry category-odontoprev entry\">\n\t\t\t\t<div class=\"elementor-post__text\">\n\t\t\t\t<h3 class=\"elementor-post__title\">\n\t\t\t<a href=\"https:\/\/www.planodesaudebelem.com.br\/site\/odontoprev-plano-dente-de-leite-belem\/\" >\n\t\t\t\tOdontoprev | Plano Dente de Leite Belem\t\t\t<\/a>\n\t\t<\/h3>\n\t\t\t\t<div class=\"elementor-post__meta-data\">\n\t\t\t\t\t<span class=\"elementor-post-date\">\n\t\t\t23 de dezembro de 2020\t\t<\/span>\n\t\t\t\t<span class=\"elementor-post-avatar\">\n\t\t\tNenhum coment\u00e1rio\t\t<\/span>\n\t\t\t\t<\/div>\n\t\t\t\t<div class=\"elementor-post__excerpt\">\n\t\t\t<p>Aqui voc\u00ea encontra planos mensais e\u00a0anuais sem car\u00eancia, para usar amanh\u00e3! A sa\u00fade e seguran\u00e7a dos nossos filhos vem sempre em 1\u00ba lugar, n\u00e3o \u00e9<\/p>\n\t\t<\/div>\n\t\t\n\t\t<a class=\"elementor-post__read-more\" href=\"https:\/\/www.planodesaudebelem.com.br\/site\/odontoprev-plano-dente-de-leite-belem\/\" aria-label=\"Read more about Odontoprev | Plano Dente de Leite Belem\" >\n\t\t\tLeia Mais \u00bb\t\t<\/a>\n\n\t\t\t\t<\/div>\n\t\t\t\t<\/article>\n\t\t\t\t<\/div>\n\t\t\n\t\t\t\t<\/div>\n\t\t\t\t<\/div>\n\t\t\t\t\t\t<\/div>\n\t\t\t\t\t<\/div>\n\t\t<\/div>\n\t\t\t\t\t\t\t\t<\/div>\n\t\t\t\t\t<\/div>\n\t\t<\/section>\n\t\t\t\t\t\t\t\t\t<\/div>\n\t\t\t<\/div>\n\t\t\t\t\t<\/div>\n\t\t","protected":false},"excerpt":{"rendered":"<p>Plano Odontoprev Belem Ter um sorriso bonito e saud\u00e1vel requer cuidados espec\u00edficos com a sa\u00fade bucal, n\u00e3o somente por est\u00e9tica, mas para manter o seu corpo saud\u00e1vel pois, muitas doen\u00e7as que adquirimos prov\u00eam do cont\u00e1gio pela boca. Cuidar dos seus dentes, al\u00e9m de lhe deixar em dia com a sa\u00fade bucal, lhe proporciona bem-estar e [&hellip;]<\/p>\n","protected":false},"author":4,"featured_media":3424,"comment_status":"closed","ping_status":"closed","sticky":false,"template":"","format":"standard","meta":[],"categories":[4,7],"tags":[],"_links":{"self":[{"href":"https:\/\/www.planodesaudebelem.com.br\/site\/wp-json\/wp\/v2\/posts\/3308"}],"collection":[{"href":"https:\/\/www.planodesaudebelem.com.br\/site\/wp-json\/wp\/v2\/posts"}],"about":[{"href":"https:\/\/www.planodesaudebelem.com.br\/site\/wp-json\/wp\/v2\/types\/post"}],"author":[{"embeddable":true,"href":"https:\/\/www.planodesaudebelem.com.br\/site\/wp-json\/wp\/v2\/users\/4"}],"replies":[{"embeddable":true,"href":"https:\/\/www.planodesaudebelem.com.br\/site\/wp-json\/wp\/v2\/comments?post=3308"}],"version-history":[{"count":12,"href":"https:\/\/www.planodesaudebelem.com.br\/site\/wp-json\/wp\/v2\/posts\/3308\/revisions"}],"predecessor-version":[{"id":3659,"href":"https:\/\/www.planodesaudebelem.com.br\/site\/wp-json\/wp\/v2\/posts\/3308\/revisions\/3659"}],"wp:featuredmedia":[{"embeddable":true,"href":"https:\/\/www.planodesaudebelem.com.br\/site\/wp-json\/wp\/v2\/media\/3424"}],"wp:attachment":[{"href":"https:\/\/www.planodesaudebelem.com.br\/site\/wp-json\/wp\/v2\/media?parent=3308"}],"wp:term":[{"taxonomy":"category","embeddable":true,"href":"https:\/\/www.planodesaudebelem.com.br\/site\/wp-json\/wp\/v2\/categories?post=3308"},{"taxonomy":"post_tag","embeddable":true,"href":"https:\/\/www.planodesaudebelem.com.br\/site\/wp-json\/wp\/v2\/tags?post=3308"}],"curies":[{"name":"wp","href":"https:\/\/api.w.org\/{rel}","templated":true}]}}