{"id":3296,"date":"2020-12-23T11:15:47","date_gmt":"2020-12-23T14:15:47","guid":{"rendered":"https:\/\/www.planodesaudebelem.com.br\/bradesco-saude-belem-belem\/"},"modified":"2020-12-26T09:11:43","modified_gmt":"2020-12-26T12:11:43","slug":"bradesco-saude-belem","status":"publish","type":"post","link":"https:\/\/www.planodesaudebelem.com.br\/site\/bradesco-saude-belem\/","title":{"rendered":"Bradesco Sa\u00fade Belem"},"content":{"rendered":"\t\t<div data-elementor-type=\"wp-post\" data-elementor-id=\"3296\" class=\"elementor elementor-3296\">\n\t\t\t\t\t\t<div class=\"elementor-inner\">\n\t\t\t\t<div class=\"elementor-section-wrap\">\n\t\t\t\t\t\t\t\t\t<section class=\"elementor-section elementor-top-section elementor-element elementor-element-9c217cf elementor-section-boxed elementor-section-height-default elementor-section-height-default\" data-id=\"9c217cf\" data-element_type=\"section\">\n\t\t\t\t\t\t<div class=\"elementor-container elementor-column-gap-default\">\n\t\t\t\t\t\t\t<div class=\"elementor-row\">\n\t\t\t\t\t<div class=\"elementor-column elementor-col-100 elementor-top-column elementor-element elementor-element-780cc179\" data-id=\"780cc179\" data-element_type=\"column\">\n\t\t\t<div class=\"elementor-column-wrap elementor-element-populated\">\n\t\t\t\t\t\t\t<div class=\"elementor-widget-wrap\">\n\t\t\t\t\t\t<div class=\"elementor-element elementor-element-4eb7c05d elementor-widget elementor-widget-text-editor\" data-id=\"4eb7c05d\" data-element_type=\"widget\" data-widget_type=\"text-editor.default\">\n\t\t\t\t<div class=\"elementor-widget-container\">\n\t\t\t\t\t\t\t\t<div class=\"elementor-text-editor elementor-clearfix\">\n\t\t\t\t<h1>Bradesco Sa\u00fade Belem<\/h1>\n<p>O Plano Bradesco Sa\u00fade Belem \u00e9 um plano desenvolvido para atender os segurados em tudo que um plano de sa\u00fade pode oferecer. Composto por uma rede abrangente de cl\u00ednicas e hospitais, o Bradesco Sa\u00fade Belem oferece planos que se encaixam no seu or\u00e7amento, garantindo atendimento em qualquer regi\u00e3o do Brasil e dependendo do plano, oferecemos tamb\u00e9m coberturas de atendimentos no exterior.<\/p>\n<p>Com o Bradesco Sa\u00fade Belem voc\u00ea se beneficia de in\u00fameras formas. Entre os diferenciais, h\u00e1&nbsp;rede de atendimento amplificada, autoriza\u00e7\u00e3o pr\u00e9via para realiza\u00e7\u00e3o dos procedimentos, livre escolha de reembolso, integra\u00e7\u00e3o de benef\u00edcios. Ademais, voc\u00ea pode turbinar seu plano de sa\u00fade com o plano odontol\u00f3gico, tecnologia de gerenciamento de custo e qualidade, al\u00e9m de profissionais referenciados para lhe atender.<\/p>\n<p>Para a sua empresa, o Bradesco Sa\u00fade Belem oferece tratamentos espec\u00edficos, assist\u00eancia pessoal 24 horas e v\u00e1rias coberturas no Brasil e no exterior, tais como assist\u00eancia m\u00e9dica, remo\u00e7\u00e3o m\u00e9dica, regresso domiciliar por motivos m\u00e9dicos, localiza\u00e7\u00e3o e extravio de bagagem extraviada, auxilio financeiro por extravio de bagagem, garantia de viagem de regresso, adiantamento financeiro em caso de furto ou roubo, passagem a\u00e9rea e hospedagem para visita de parente do segurado em caso de hospitaliza\u00e7\u00e3o. Os benef\u00edcios podem variar de acordo com o tipo do plano que voc\u00ea escolher.<\/p>\n<p>A vig\u00eancia do Bradesco Sa\u00fade Belem ocorre por 12 meses a partir do pagamento da primeira mensalidade e n\u00e3o tem car\u00eancia para alguns procedimentos.&nbsp;Para conhecer melhor os planos do Bradesco Sa\u00fade Belem, procure um de nossos corretores e tire todas as suas duvidas. Teremos sempre algu\u00e9m dispon\u00edvel&nbsp;para lhe atender em nosso chat online ou pelo telefone 3222-5000.<\/p>\t\t\t\t\t<\/div>\n\t\t\t\t\t\t<\/div>\n\t\t\t\t<\/div>\n\t\t\t\t\t\t<\/div>\n\t\t\t\t\t<\/div>\n\t\t<\/div>\n\t\t\t\t\t\t\t\t<\/div>\n\t\t\t\t\t<\/div>\n\t\t<\/section>\n\t\t\t\t<section class=\"elementor-section elementor-top-section elementor-element elementor-element-3351b1e elementor-section-boxed elementor-section-height-default elementor-section-height-default\" data-id=\"3351b1e\" data-element_type=\"section\">\n\t\t\t\t\t\t<div class=\"elementor-container elementor-column-gap-default\">\n\t\t\t\t\t\t\t<div class=\"elementor-row\">\n\t\t\t\t\t<div class=\"elementor-column elementor-col-100 elementor-top-column elementor-element elementor-element-e16b199\" data-id=\"e16b199\" data-element_type=\"column\">\n\t\t\t<div class=\"elementor-column-wrap elementor-element-populated\">\n\t\t\t\t\t\t\t<div class=\"elementor-widget-wrap\">\n\t\t\t\t\t\t<div class=\"elementor-element elementor-element-b8f141c elementor-grid-1 elementor-posts--thumbnail-left elementor-grid-tablet-2 elementor-grid-mobile-1 elementor-widget elementor-widget-posts\" data-id=\"b8f141c\" data-element_type=\"widget\" data-settings=\"{&quot;classic_columns&quot;:&quot;1&quot;,&quot;classic_columns_tablet&quot;:&quot;2&quot;,&quot;classic_columns_mobile&quot;:&quot;1&quot;,&quot;classic_row_gap&quot;:{&quot;unit&quot;:&quot;px&quot;,&quot;size&quot;:35,&quot;sizes&quot;:[]},&quot;classic_row_gap_tablet&quot;:{&quot;unit&quot;:&quot;px&quot;,&quot;size&quot;:&quot;&quot;,&quot;sizes&quot;:[]},&quot;classic_row_gap_mobile&quot;:{&quot;unit&quot;:&quot;px&quot;,&quot;size&quot;:&quot;&quot;,&quot;sizes&quot;:[]}}\" data-widget_type=\"posts.classic\">\n\t\t\t\t<div class=\"elementor-widget-container\">\n\t\t\t\t\t<div class=\"elementor-posts-container elementor-posts elementor-posts--skin-classic elementor-grid\">\n\t\t\t\t<article class=\"elementor-post elementor-grid-item post-3245 post type-post status-publish format-standard hentry category-bradesco-saude entry\">\n\t\t\t\t<div class=\"elementor-post__text\">\n\t\t\t\t<h3 class=\"elementor-post__title\">\n\t\t\t<a href=\"https:\/\/www.planodesaudebelem.com.br\/site\/empresarial-plano-efetivo-belem\/\" >\n\t\t\t\tPlano Bradesco Empresarial Efetivo Belem\t\t\t<\/a>\n\t\t<\/h3>\n\t\t\t\t<div class=\"elementor-post__meta-data\">\n\t\t\t\t\t<span class=\"elementor-post-date\">\n\t\t\t23 de dezembro de 2020\t\t<\/span>\n\t\t\t\t<span class=\"elementor-post-avatar\">\n\t\t\tNenhum coment\u00e1rio\t\t<\/span>\n\t\t\t\t<\/div>\n\t\t\t\t<div class=\"elementor-post__excerpt\">\n\t\t\t<p>GRUPOS A PARTIR DE 200 PESSOAS EMPRESARIAL PLANO EFETIVO Bel\u00e9m Sobre o Plano Efetivo Com o plano de sa\u00fade Efetivo Empresarial, os funcion\u00e1rios da sua<\/p>\n\t\t<\/div>\n\t\t\n\t\t<a class=\"elementor-post__read-more\" href=\"https:\/\/www.planodesaudebelem.com.br\/site\/empresarial-plano-efetivo-belem\/\" aria-label=\"Read more about Plano Bradesco Empresarial Efetivo Belem\" >\n\t\t\tLeia Mais \u00bb\t\t<\/a>\n\n\t\t\t\t<\/div>\n\t\t\t\t<\/article>\n\t\t\t\t<article class=\"elementor-post elementor-grid-item post-3243 post type-post status-publish format-standard hentry category-bradesco-saude entry\">\n\t\t\t\t<div class=\"elementor-post__text\">\n\t\t\t\t<h3 class=\"elementor-post__title\">\n\t\t\t<a href=\"https:\/\/www.planodesaudebelem.com.br\/site\/empresarial-plano-preferencial-plus-belem\/\" >\n\t\t\t\tPlano Bradesco Empresarial Preferencial Plus Belem\t\t\t<\/a>\n\t\t<\/h3>\n\t\t\t\t<div class=\"elementor-post__meta-data\">\n\t\t\t\t\t<span class=\"elementor-post-date\">\n\t\t\t23 de dezembro de 2020\t\t<\/span>\n\t\t\t\t<span class=\"elementor-post-avatar\">\n\t\t\tNenhum coment\u00e1rio\t\t<\/span>\n\t\t\t\t<\/div>\n\t\t\t\t<div class=\"elementor-post__excerpt\">\n\t\t\t<p>GRUPOS A PARTIR DE 200 PESSOAS EMPRESARIAL PLANO PREFERENCIAL PLUS Bel\u00e9m Sobre o Plano Preferencial Plus O Preferencial Plus \u00e9 para quem tem\u00a0como prioridade uma<\/p>\n\t\t<\/div>\n\t\t\n\t\t<a class=\"elementor-post__read-more\" href=\"https:\/\/www.planodesaudebelem.com.br\/site\/empresarial-plano-preferencial-plus-belem\/\" aria-label=\"Read more about Plano Bradesco Empresarial Preferencial Plus Belem\" >\n\t\t\tLeia Mais \u00bb\t\t<\/a>\n\n\t\t\t\t<\/div>\n\t\t\t\t<\/article>\n\t\t\t\t<article class=\"elementor-post elementor-grid-item post-3241 post type-post status-publish format-standard hentry category-bradesco-saude entry\">\n\t\t\t\t<div class=\"elementor-post__text\">\n\t\t\t\t<h3 class=\"elementor-post__title\">\n\t\t\t<a href=\"https:\/\/www.planodesaudebelem.com.br\/site\/empresarial-plano-nacional-flex-belem\/\" >\n\t\t\t\tPlano Bradesco Empresarial Nacional Flex Belem\t\t\t<\/a>\n\t\t<\/h3>\n\t\t\t\t<div class=\"elementor-post__meta-data\">\n\t\t\t\t\t<span class=\"elementor-post-date\">\n\t\t\t23 de dezembro de 2020\t\t<\/span>\n\t\t\t\t<span class=\"elementor-post-avatar\">\n\t\t\tNenhum coment\u00e1rio\t\t<\/span>\n\t\t\t\t<\/div>\n\t\t\t\t<div class=\"elementor-post__excerpt\">\n\t\t\t<p>GRUPOS A PARTIR DE 200 PESSOAS EMPRESARIAL PLANO NACIONAL FLEX Bel\u00e9m Sobre o Plano Nacional Flex Se voc\u00ea tem uma empresa e quer oferecer aos<\/p>\n\t\t<\/div>\n\t\t\n\t\t<a class=\"elementor-post__read-more\" href=\"https:\/\/www.planodesaudebelem.com.br\/site\/empresarial-plano-nacional-flex-belem\/\" aria-label=\"Read more about Plano Bradesco Empresarial Nacional Flex Belem\" >\n\t\t\tLeia Mais \u00bb\t\t<\/a>\n\n\t\t\t\t<\/div>\n\t\t\t\t<\/article>\n\t\t\t\t<article class=\"elementor-post elementor-grid-item post-3239 post type-post status-publish format-standard hentry category-bradesco-saude entry\">\n\t\t\t\t<div class=\"elementor-post__text\">\n\t\t\t\t<h3 class=\"elementor-post__title\">\n\t\t\t<a href=\"https:\/\/www.planodesaudebelem.com.br\/site\/empresarial-plano-nacional-belem\/\" >\n\t\t\t\tPlano Bradesco Empresarial Nacional Belem\t\t\t<\/a>\n\t\t<\/h3>\n\t\t\t\t<div class=\"elementor-post__meta-data\">\n\t\t\t\t\t<span class=\"elementor-post-date\">\n\t\t\t23 de dezembro de 2020\t\t<\/span>\n\t\t\t\t<span class=\"elementor-post-avatar\">\n\t\t\tNenhum coment\u00e1rio\t\t<\/span>\n\t\t\t\t<\/div>\n\t\t\t\t<div class=\"elementor-post__excerpt\">\n\t\t\t<p>GRUPOS A PARTIR DE 200 PESSOAS EMPRESARIAL PLANO NACIONAL Bel\u00e9m Sobre o Plano Nacional Este plano\u00a0\u00e9 ideal para empresas que querem oferecer o melhor atendimento<\/p>\n\t\t<\/div>\n\t\t\n\t\t<a class=\"elementor-post__read-more\" href=\"https:\/\/www.planodesaudebelem.com.br\/site\/empresarial-plano-nacional-belem\/\" aria-label=\"Read more about Plano Bradesco Empresarial Nacional Belem\" >\n\t\t\tLeia Mais \u00bb\t\t<\/a>\n\n\t\t\t\t<\/div>\n\t\t\t\t<\/article>\n\t\t\t\t<article class=\"elementor-post elementor-grid-item post-3237 post type-post status-publish format-standard hentry category-bradesco-saude entry\">\n\t\t\t\t<div class=\"elementor-post__text\">\n\t\t\t\t<h3 class=\"elementor-post__title\">\n\t\t\t<a href=\"https:\/\/www.planodesaudebelem.com.br\/site\/empresarial-plano-nacional-plus-belem\/\" >\n\t\t\t\tPlano Bradesco Empresarial Nacional Plus Belem\t\t\t<\/a>\n\t\t<\/h3>\n\t\t\t\t<div class=\"elementor-post__meta-data\">\n\t\t\t\t\t<span class=\"elementor-post-date\">\n\t\t\t23 de dezembro de 2020\t\t<\/span>\n\t\t\t\t<span class=\"elementor-post-avatar\">\n\t\t\tNenhum coment\u00e1rio\t\t<\/span>\n\t\t\t\t<\/div>\n\t\t\t\t<div class=\"elementor-post__excerpt\">\n\t\t\t<p>GRUPOS A PARTIR DE 200 PESSOAS EMPRESARIAL PLANO NACIONAL PLUS Bel\u00e9m Sobre o Plano Nacional Plus O Nacional Plus \u00e9 um plano para empresas que<\/p>\n\t\t<\/div>\n\t\t\n\t\t<a class=\"elementor-post__read-more\" href=\"https:\/\/www.planodesaudebelem.com.br\/site\/empresarial-plano-nacional-plus-belem\/\" aria-label=\"Read more about Plano Bradesco Empresarial Nacional Plus Belem\" >\n\t\t\tLeia Mais \u00bb\t\t<\/a>\n\n\t\t\t\t<\/div>\n\t\t\t\t<\/article>\n\t\t\t\t<article class=\"elementor-post elementor-grid-item post-3235 post type-post status-publish format-standard hentry category-bradesco-saude entry\">\n\t\t\t\t<div class=\"elementor-post__text\">\n\t\t\t\t<h3 class=\"elementor-post__title\">\n\t\t\t<a href=\"https:\/\/www.planodesaudebelem.com.br\/site\/empresarial-plano-premium-belem\/\" >\n\t\t\t\tPlano Bradesco Empresarial Premium Belem\t\t\t<\/a>\n\t\t<\/h3>\n\t\t\t\t<div class=\"elementor-post__meta-data\">\n\t\t\t\t\t<span class=\"elementor-post-date\">\n\t\t\t23 de dezembro de 2020\t\t<\/span>\n\t\t\t\t<span class=\"elementor-post-avatar\">\n\t\t\tNenhum coment\u00e1rio\t\t<\/span>\n\t\t\t\t<\/div>\n\t\t\t\t<div class=\"elementor-post__excerpt\">\n\t\t\t<p>GRUPOS A PARTIR DE 200 PESSOAS EMPRESARIAL PLANO PREMIUM Bel\u00e9m Sobre o Plano Premium Com o Premium\u00a0seus funcion\u00e1rios contam com atendimento em todas as regi\u00f5es<\/p>\n\t\t<\/div>\n\t\t\n\t\t<a class=\"elementor-post__read-more\" href=\"https:\/\/www.planodesaudebelem.com.br\/site\/empresarial-plano-premium-belem\/\" aria-label=\"Read more about Plano Bradesco Empresarial Premium Belem\" >\n\t\t\tLeia Mais \u00bb\t\t<\/a>\n\n\t\t\t\t<\/div>\n\t\t\t\t<\/article>\n\t\t\t\t<article class=\"elementor-post elementor-grid-item post-3233 post type-post status-publish format-standard hentry category-bradesco-saude entry\">\n\t\t\t\t<div class=\"elementor-post__text\">\n\t\t\t\t<h3 class=\"elementor-post__title\">\n\t\t\t<a href=\"https:\/\/www.planodesaudebelem.com.br\/site\/spg-plano-saude-belem\/\" >\n\t\t\t\tSPG Plano Saude+ Bel\u00e9m\t\t\t<\/a>\n\t\t<\/h3>\n\t\t\t\t<div class=\"elementor-post__meta-data\">\n\t\t\t\t\t<span class=\"elementor-post-date\">\n\t\t\t23 de dezembro de 2020\t\t<\/span>\n\t\t\t\t<span class=\"elementor-post-avatar\">\n\t\t\tNenhum coment\u00e1rio\t\t<\/span>\n\t\t\t\t<\/div>\n\t\t\t\t<div class=\"elementor-post__excerpt\">\n\t\t\t<p>Grupos de 3 a 199 pessoas SPG Plano Saude+ Bel\u00e9m Sobre o Plano Sa\u00fade+ Sa\u00fade+ \u00e9 uma linha de planos de abrang\u00eancia regional que oferece<\/p>\n\t\t<\/div>\n\t\t\n\t\t<a class=\"elementor-post__read-more\" href=\"https:\/\/www.planodesaudebelem.com.br\/site\/spg-plano-saude-belem\/\" aria-label=\"Read more about SPG Plano Saude+ Bel\u00e9m\" >\n\t\t\tLeia Mais \u00bb\t\t<\/a>\n\n\t\t\t\t<\/div>\n\t\t\t\t<\/article>\n\t\t\t\t<article class=\"elementor-post elementor-grid-item post-3231 post type-post status-publish format-standard hentry category-bradesco-saude entry\">\n\t\t\t\t<div class=\"elementor-post__text\">\n\t\t\t\t<h3 class=\"elementor-post__title\">\n\t\t\t<a href=\"https:\/\/www.planodesaudebelem.com.br\/site\/spg-plano-efetivo-belem\/\" >\n\t\t\t\tSPG Plano Efetivo Bel\u00e9m\t\t\t<\/a>\n\t\t<\/h3>\n\t\t\t\t<div class=\"elementor-post__meta-data\">\n\t\t\t\t\t<span class=\"elementor-post-date\">\n\t\t\t23 de dezembro de 2020\t\t<\/span>\n\t\t\t\t<span class=\"elementor-post-avatar\">\n\t\t\tNenhum coment\u00e1rio\t\t<\/span>\n\t\t\t\t<\/div>\n\t\t\t\t<div class=\"elementor-post__excerpt\">\n\t\t\t<p>Grupos de 3 a 199 pessoas SPG Plano Efetivo Bel\u00e9m O plano de sa\u00fade Efetivo SPG, sigla que significa Seguro para Pequenos Grupos, tem atendimento<\/p>\n\t\t<\/div>\n\t\t\n\t\t<a class=\"elementor-post__read-more\" href=\"https:\/\/www.planodesaudebelem.com.br\/site\/spg-plano-efetivo-belem\/\" aria-label=\"Read more about SPG Plano Efetivo Bel\u00e9m\" >\n\t\t\tLeia Mais \u00bb\t\t<\/a>\n\n\t\t\t\t<\/div>\n\t\t\t\t<\/article>\n\t\t\t\t<article class=\"elementor-post elementor-grid-item post-3228 post type-post status-publish format-standard hentry category-bradesco-saude entry\">\n\t\t\t\t<div class=\"elementor-post__text\">\n\t\t\t\t<h3 class=\"elementor-post__title\">\n\t\t\t<a href=\"https:\/\/www.planodesaudebelem.com.br\/site\/spg-plano-preferencial-plus-belem\/\" >\n\t\t\t\tSPG Plano Preferencial Plus Bel\u00e9m\t\t\t<\/a>\n\t\t<\/h3>\n\t\t\t\t<div class=\"elementor-post__meta-data\">\n\t\t\t\t\t<span class=\"elementor-post-date\">\n\t\t\t22 de dezembro de 2020\t\t<\/span>\n\t\t\t\t<span class=\"elementor-post-avatar\">\n\t\t\tNenhum coment\u00e1rio\t\t<\/span>\n\t\t\t\t<\/div>\n\t\t\t\t<div class=\"elementor-post__excerpt\">\n\t\t\t<p>Grupos de 3 a 199 pessoas Sobre o Plano Preferencial Plus Bel\u00e9m O Preferencial Plus \u00e9 para quem tem\u00a0como prioridade uma rede regional, com atendimento<\/p>\n\t\t<\/div>\n\t\t\n\t\t<a class=\"elementor-post__read-more\" href=\"https:\/\/www.planodesaudebelem.com.br\/site\/spg-plano-preferencial-plus-belem\/\" aria-label=\"Read more about SPG Plano Preferencial Plus Bel\u00e9m\" >\n\t\t\tLeia Mais \u00bb\t\t<\/a>\n\n\t\t\t\t<\/div>\n\t\t\t\t<\/article>\n\t\t\t\t<article class=\"elementor-post elementor-grid-item post-3226 post type-post status-publish format-standard hentry category-bradesco-saude category-sem-categoria entry\">\n\t\t\t\t<div class=\"elementor-post__text\">\n\t\t\t\t<h3 class=\"elementor-post__title\">\n\t\t\t<a href=\"https:\/\/www.planodesaudebelem.com.br\/site\/spg-plano-nacional-flex-belem\/\" >\n\t\t\t\tSPG Plano Nacional Flex Bel\u00e9m\t\t\t<\/a>\n\t\t<\/h3>\n\t\t\t\t<div class=\"elementor-post__meta-data\">\n\t\t\t\t\t<span class=\"elementor-post-date\">\n\t\t\t22 de dezembro de 2020\t\t<\/span>\n\t\t\t\t<span class=\"elementor-post-avatar\">\n\t\t\tNenhum coment\u00e1rio\t\t<\/span>\n\t\t\t\t<\/div>\n\t\t\t\t<div class=\"elementor-post__excerpt\">\n\t\t\t<p>Grupos de 3 a 199 pessoas Sobre o Plano Nacional Flex Bel\u00e9m Se voc\u00ea tem uma empresa e quer oferecer aos seus funcion\u00e1rios um plano<\/p>\n\t\t<\/div>\n\t\t\n\t\t<a class=\"elementor-post__read-more\" href=\"https:\/\/www.planodesaudebelem.com.br\/site\/spg-plano-nacional-flex-belem\/\" aria-label=\"Read more about SPG Plano Nacional Flex Bel\u00e9m\" >\n\t\t\tLeia Mais \u00bb\t\t<\/a>\n\n\t\t\t\t<\/div>\n\t\t\t\t<\/article>\n\t\t\t\t<article class=\"elementor-post elementor-grid-item post-3224 post type-post status-publish format-standard hentry category-bradesco-saude entry\">\n\t\t\t\t<div class=\"elementor-post__text\">\n\t\t\t\t<h3 class=\"elementor-post__title\">\n\t\t\t<a href=\"https:\/\/www.planodesaudebelem.com.br\/site\/spg-plano-nacional-belem\/\" >\n\t\t\t\tSPG Plano Nacional Bel\u00e9m\t\t\t<\/a>\n\t\t<\/h3>\n\t\t\t\t<div class=\"elementor-post__meta-data\">\n\t\t\t\t\t<span class=\"elementor-post-date\">\n\t\t\t22 de dezembro de 2020\t\t<\/span>\n\t\t\t\t<span class=\"elementor-post-avatar\">\n\t\t\tNenhum coment\u00e1rio\t\t<\/span>\n\t\t\t\t<\/div>\n\t\t\t\t<div class=\"elementor-post__excerpt\">\n\t\t\t<p>Grupos de 3 a 199 pessoas Sobre o Plano Nacional Bel\u00e9m Este plano\u00a0\u00e9 ideal para empresas que querem oferecer o melhor atendimento de sa\u00fade aos<\/p>\n\t\t<\/div>\n\t\t\n\t\t<a class=\"elementor-post__read-more\" href=\"https:\/\/www.planodesaudebelem.com.br\/site\/spg-plano-nacional-belem\/\" aria-label=\"Read more about SPG Plano Nacional Bel\u00e9m\" >\n\t\t\tLeia Mais \u00bb\t\t<\/a>\n\n\t\t\t\t<\/div>\n\t\t\t\t<\/article>\n\t\t\t\t<article class=\"elementor-post elementor-grid-item post-3220 post type-post status-publish format-standard hentry category-bradesco-saude entry\">\n\t\t\t\t<div class=\"elementor-post__text\">\n\t\t\t\t<h3 class=\"elementor-post__title\">\n\t\t\t<a href=\"https:\/\/www.planodesaudebelem.com.br\/site\/spg-plano-nacional-plus-belem\/\" >\n\t\t\t\tSPG Plano Nacional Plus Bel\u00e9m\t\t\t<\/a>\n\t\t<\/h3>\n\t\t\t\t<div class=\"elementor-post__meta-data\">\n\t\t\t\t\t<span class=\"elementor-post-date\">\n\t\t\t22 de dezembro de 2020\t\t<\/span>\n\t\t\t\t<span class=\"elementor-post-avatar\">\n\t\t\tNenhum coment\u00e1rio\t\t<\/span>\n\t\t\t\t<\/div>\n\t\t\t\t<div class=\"elementor-post__excerpt\">\n\t\t\t<p>Grupos de 3 a 199 pessoas Sobre o Plano Nacional Plus Bel\u00e9m O Nacional Plus \u00e9 um plano para empresas que querem oferecer\u00a0atendimento de sa\u00fade<\/p>\n\t\t<\/div>\n\t\t\n\t\t<a class=\"elementor-post__read-more\" href=\"https:\/\/www.planodesaudebelem.com.br\/site\/spg-plano-nacional-plus-belem\/\" aria-label=\"Read more about SPG Plano Nacional Plus Bel\u00e9m\" >\n\t\t\tLeia Mais \u00bb\t\t<\/a>\n\n\t\t\t\t<\/div>\n\t\t\t\t<\/article>\n\t\t\t\t<article class=\"elementor-post elementor-grid-item post-3218 post type-post status-publish format-standard hentry category-bradesco-saude entry\">\n\t\t\t\t<div class=\"elementor-post__text\">\n\t\t\t\t<h3 class=\"elementor-post__title\">\n\t\t\t<a href=\"https:\/\/www.planodesaudebelem.com.br\/site\/spg-plano-premium-belem\/\" >\n\t\t\t\tSPG Plano Premium Bel\u00e9m\t\t\t<\/a>\n\t\t<\/h3>\n\t\t\t\t<div class=\"elementor-post__meta-data\">\n\t\t\t\t\t<span class=\"elementor-post-date\">\n\t\t\t22 de dezembro de 2020\t\t<\/span>\n\t\t\t\t<span class=\"elementor-post-avatar\">\n\t\t\tNenhum coment\u00e1rio\t\t<\/span>\n\t\t\t\t<\/div>\n\t\t\t\t<div class=\"elementor-post__excerpt\">\n\t\t\t<p>Grupos de 3 a 199 pessoas Sobre o Plano Premium Bel\u00e9m Com o Premium\u00a0seus funcion\u00e1rios contam com atendimento em todas as regi\u00f5es do Brasil,\u00a0com coberturas<\/p>\n\t\t<\/div>\n\t\t\n\t\t<a class=\"elementor-post__read-more\" href=\"https:\/\/www.planodesaudebelem.com.br\/site\/spg-plano-premium-belem\/\" aria-label=\"Read more about SPG Plano Premium Bel\u00e9m\" >\n\t\t\tLeia Mais \u00bb\t\t<\/a>\n\n\t\t\t\t<\/div>\n\t\t\t\t<\/article>\n\t\t\t\t<\/div>\n\t\t\n\t\t\t\t<\/div>\n\t\t\t\t<\/div>\n\t\t\t\t\t\t<\/div>\n\t\t\t\t\t<\/div>\n\t\t<\/div>\n\t\t\t\t\t\t\t\t<\/div>\n\t\t\t\t\t<\/div>\n\t\t<\/section>\n\t\t\t\t\t\t\t\t\t<\/div>\n\t\t\t<\/div>\n\t\t\t\t\t<\/div>\n\t\t","protected":false},"excerpt":{"rendered":"<p>Bradesco Sa\u00fade Belem O Plano Bradesco Sa\u00fade Belem \u00e9 um plano desenvolvido para atender os segurados em tudo que um plano de sa\u00fade pode oferecer. Composto por uma rede abrangente de cl\u00ednicas e hospitais, o Bradesco Sa\u00fade Belem oferece planos que se encaixam no seu or\u00e7amento, garantindo atendimento em qualquer regi\u00e3o do Brasil e dependendo [&hellip;]<\/p>\n","protected":false},"author":4,"featured_media":3295,"comment_status":"closed","ping_status":"closed","sticky":false,"template":"","format":"standard","meta":[],"categories":[4,6],"tags":[],"_links":{"self":[{"href":"https:\/\/www.planodesaudebelem.com.br\/site\/wp-json\/wp\/v2\/posts\/3296"}],"collection":[{"href":"https:\/\/www.planodesaudebelem.com.br\/site\/wp-json\/wp\/v2\/posts"}],"about":[{"href":"https:\/\/www.planodesaudebelem.com.br\/site\/wp-json\/wp\/v2\/types\/post"}],"author":[{"embeddable":true,"href":"https:\/\/www.planodesaudebelem.com.br\/site\/wp-json\/wp\/v2\/users\/4"}],"replies":[{"embeddable":true,"href":"https:\/\/www.planodesaudebelem.com.br\/site\/wp-json\/wp\/v2\/comments?post=3296"}],"version-history":[{"count":7,"href":"https:\/\/www.planodesaudebelem.com.br\/site\/wp-json\/wp\/v2\/posts\/3296\/revisions"}],"predecessor-version":[{"id":3475,"href":"https:\/\/www.planodesaudebelem.com.br\/site\/wp-json\/wp\/v2\/posts\/3296\/revisions\/3475"}],"wp:featuredmedia":[{"embeddable":true,"href":"https:\/\/www.planodesaudebelem.com.br\/site\/wp-json\/wp\/v2\/media\/3295"}],"wp:attachment":[{"href":"https:\/\/www.planodesaudebelem.com.br\/site\/wp-json\/wp\/v2\/media?parent=3296"}],"wp:term":[{"taxonomy":"category","embeddable":true,"href":"https:\/\/www.planodesaudebelem.com.br\/site\/wp-json\/wp\/v2\/categories?post=3296"},{"taxonomy":"post_tag","embeddable":true,"href":"https:\/\/www.planodesaudebelem.com.br\/site\/wp-json\/wp\/v2\/tags?post=3296"}],"curies":[{"name":"wp","href":"https:\/\/api.w.org\/{rel}","templated":true}]}}