{"id":3245,"date":"2020-12-23T08:33:15","date_gmt":"2020-12-23T11:33:15","guid":{"rendered":"https:\/\/www.planodesaudebelem.com.br\/?p=3245"},"modified":"2020-12-25T09:49:05","modified_gmt":"2020-12-25T12:49:05","slug":"empresarial-plano-efetivo-belem","status":"publish","type":"post","link":"https:\/\/www.planodesaudebelem.com.br\/site\/empresarial-plano-efetivo-belem\/","title":{"rendered":"Plano Bradesco Empresarial Efetivo Belem"},"content":{"rendered":"<p><strong>GRUPOS A PARTIR DE 200 PESSOAS<\/strong><\/p>\n<p><strong>EMPRESARIAL PLANO EFETIVO Bel\u00e9m<br \/>\n<\/strong><\/p>\n<p><strong>Sobre o Plano Efetivo <\/strong><\/p>\n<p>Com o plano de sa\u00fade Efetivo Empresarial, os funcion\u00e1rios da sua empresa t\u00eam atendimento em todas as regi\u00f5es do Brasil, com a disponibilidade e a excel\u00eancia de uma rede referenciada cuidadosamente selecionada.<\/p>\n<p>As negocia\u00e7\u00f5es junto aos prestadores estrat\u00e9gicos garantem competitividade com os produtos regionais, j\u00e1 que conta com um desenho diferenciado de atendimento pensado especialmente para quem vive e trabalha em cada localidade.<\/p>\n<p>Sempre oferecendo uma rede dimensionada com o melhor equil\u00edbrio entre disponibilidade, qualidade e efici\u00eancia a custos competitivos, o Efetivo foi lan\u00e7ado nas seguintes regi\u00f5es:<\/p>\n<ul>\n<li>Efetivo Ga\u00facho<\/li>\n<li>Efetivo Potiguar<\/li>\n<li>Efetivo Piau\u00ed<\/li>\n<li>Efetivo Cear\u00e1<\/li>\n<li>Efetivo Para\u00edba<\/li>\n<li>Efetivo Campinas<\/li>\n<li>Efetivo Distrito Federal<\/li>\n<li>Efetivo Manaus (AM)<\/li>\n<li>Efetivo Minas Gerais<\/li>\n<li>Efetivo Esp\u00edrito Santo<\/li>\n<li>Efetivo Recife (PE)<\/li>\n<li>Efetivo Salvador (BA)<\/li>\n<li>Efetivo S\u00e3o\u00a0Paulo<\/li>\n<li>Efetivo\u00a0Rio de Janeiro<\/li>\n<\/ul>\n<p>Dessa forma, o benefici\u00e1rio tem \u00e0 disposi\u00e7\u00e3o uma cobertura pensada para sua regi\u00e3o, mas aceita em todo o Brasil, para consultas, exames, terapias e interna\u00e7\u00e3o hospitalar (inclusive obst\u00e9trica), seja pela rede referenciada ou por meio de reembolso* para todos os procedimentos m\u00e9dico-hospitalares cobertos pelo plano.<\/p>\n<p>Em breve, o produto ser\u00e1 expandido para novas regi\u00f5es. Aguarde!<\/p>\n<p>Para mais informa\u00e7\u00f5es, procure um corretor.<\/p>\n<p>* Sendo respeitados os limites contratuais.<\/p>\n<p><strong>Ofere\u00e7a os melhores servi\u00e7os de sa\u00fade aos seus colaboradores <\/strong><\/p>\n<p><strong>Para quem \u00e9 <\/strong><\/p>\n<p>Para empresas que querem oferecer um plano de sa\u00fade com atendimento em todas as regi\u00f5es do Brasil, a custos competitivos.<\/p>\n<p><strong>Como funciona <\/strong><\/p>\n<p>Rede de prestadores dimensionada, para oferecer o melhor equil\u00edbrio entre qualidade e efici\u00eancia.<\/p>\n<p><strong>Vantagens <\/strong><\/p>\n<p>Possibilidade de utilizar servi\u00e7os fora da rede referenciada, com reembolso dos procedimentos cobertos em todo territ\u00f3rio nacional.<\/p>\n<p><strong>Detalhes do plano <\/strong><\/p>\n<p><strong>Abrang\u00eancia geogr\u00e1fica<\/strong><br \/>\nCobertura em todo territ\u00f3rio nacional.<\/p>\n<p><strong>Rede referenciada<\/strong><br \/>\nEfetivo.<\/p>\n<p><strong>Central exclusiva para agendamento de consultas e exames<\/strong><br \/>\n3003-6141<\/p>\n<p><strong>Reembolso<\/strong><br \/>\nReembolsos das despesas m\u00e9dico\u2010hospitalares em todo o territ\u00f3rio nacional, conforme os limites do contrato.<\/p>\n<p><strong>Op\u00e7\u00e3o de cobertura<\/strong><br \/>\nCompleta:\u00a0Assist\u00eancia ambulatorial e hospitalar com obstetr\u00edcia, incluindo despesas com consultas, exames simples e especiais, terapias, tratamentos ambulatoriais e interna\u00e7\u00f5es cl\u00ednicas ou cir\u00fargicas, conforme Rol de Procedimentos e Eventos em Sa\u00fade vigente, estabelecido pela ANS.<\/p>\n<p>Al\u00e9m das coberturas do Rol de Procedimentos e Eventos em Sa\u00fade Vigente, os planos da Bradesco Sa\u00fade podem oferecer cobertura para transplantes n\u00e3o obrigat\u00f3rios. Para mais informa\u00e7\u00f5es, consulte um corretor.<\/p>\n<p><strong>Acomoda\u00e7\u00e3o<\/strong><br \/>\nQuarto individual ou enfermaria.<\/p>\n<p><strong>Op\u00e7\u00e3o de Inclus\u00e3o<\/strong><br \/>\n<strong>Compuls\u00f3ria:<\/strong>\u00a0Inclus\u00e3o de todos os funcion\u00e1rios do grupo definido pela empresa, qualquer que seja o n\u00famero de empregados. Vale tamb\u00e9m para os dependentes.<\/p>\n<p><strong>Opcional:\u00a0<\/strong>N\u00e3o h\u00e1 obrigatoriedade de inclus\u00e3o de todo o grupo de funcion\u00e1rios vinculado \u00e0 empresa.<\/p>\n<p><strong>Forma\u00e7\u00e3o de Pre\u00e7o<\/strong><br \/>\n<strong>Pr\u00e9<\/strong><strong>\u2010<\/strong><strong>pagamento:<\/strong>\u00a0O valor da mensalidade \u00e9 calculado previamente, com base nas coberturas contratadas pela empresa, podendo optar por uma das modalidades de pagamento abaixo:<\/p>\n<p><strong>-Faixa et\u00e1ria:<\/strong> Op\u00e7\u00e3o dispon\u00edvel para empresas que aderem a planos tanto da modalidade Compuls\u00f3ria quanto da Opcional, para todos os perfis de clientes.<br \/>\n<strong>-Custo m\u00e9dio:<\/strong> Op\u00e7\u00e3o dispon\u00edvel somente para empresas que aderem a planos da modalidade Compuls\u00f3ria.<\/p>\n<p><strong>P\u00f3s<\/strong><strong>\u2010<\/strong><strong>pagamento:\u00a0<\/strong>O valor \u00e9 definido pela soma dos eventos ocorridos no per\u00edodo anterior, acrescida de uma taxa de administra\u00e7\u00e3o. Neste caso, a empresa contratante assume integralmente o risco do plano. Esta modalidade \u00e9 denominada \u201cAdministrada\u201d, e est\u00e1 sujeita \u00e0 an\u00e1lise pr\u00e9via da Operadora de Plano de Sa\u00fade.<\/p>\n<p><strong>Coparticipa\u00e7\u00e3o<\/strong><br \/>\nA\u00a0<strong>Coparticipa\u00e7\u00e3o Ambulatorial<\/strong>\u00a0\u00e9 um mecanismo de regula\u00e7\u00e3o no qual o\u00a0benefici\u00e1rio participa financeiramente no valor dos procedimentos cobertos relativos a pequeno risco (consultas, exames e terapias).\u00a0 S\u00e3o diversas op\u00e7\u00f5es de percentuais e a coparticipa\u00e7\u00e3o ser\u00e1 limitada a 30% (trinta por cento) do valor do evento.<\/p>\n<p>A\u00a0<strong>Coparticipa\u00e7\u00e3o em Interna\u00e7\u00e3o<\/strong>\u00a0\u00e9 aplicada a procedimentos de grande risco (interna\u00e7\u00f5es para eventos cl\u00ednicos ou cir\u00fargicos) e consiste no desconto de um valor fixo, em reais, para cada interna\u00e7\u00e3o realizada.<\/p>\n<p>Cabe \u00e0\u00a0empresa contratante a op\u00e7\u00e3o de incluir ou n\u00e3o a coparticipa\u00e7\u00e3o.<\/p>\n<p><strong>Car\u00eancia e CPT (Cobertura Parcial Tempor\u00e1ria)<br \/>\nEmpresas a partir de 200 pessoas<\/strong><br \/>\nIsen\u00e7\u00e3o de car\u00eancias* e CPT**, desde que a inclus\u00e3o do\u00a0benefici\u00e1rio seja realizada no prazo determinado em contrato, conforme a legisla\u00e7\u00e3o em vigor.<\/p>\n<p><em>* Car\u00eancia: tempo de espera para realizar um procedimento espec\u00edfico atrav\u00e9s do plano de sa\u00fade.<br \/>\n** Cobertura Parcial Tempor\u00e1ria (CPT): per\u00edodo m\u00e1ximo de 24 meses, a partir da data da contrata\u00e7\u00e3o do plano, em que \u00e9 permitida a suspens\u00e3o da cobertura de eventos cir\u00fargicos, leitos de alta tecnologia (UTI\/CTI) e procedimentos de alta complexidade, relacionados a doen\u00e7a e\/ou les\u00e3o preexistente.<\/em><\/p>\n<p><strong>\u00a0<\/strong><\/p>\n","protected":false},"excerpt":{"rendered":"<p>GRUPOS A PARTIR DE 200 PESSOAS EMPRESARIAL PLANO EFETIVO Bel\u00e9m Sobre o Plano Efetivo Com o plano de sa\u00fade Efetivo Empresarial, os funcion\u00e1rios da sua empresa t\u00eam atendimento em todas as regi\u00f5es do Brasil, com a disponibilidade e a excel\u00eancia de uma rede referenciada cuidadosamente selecionada. As negocia\u00e7\u00f5es junto aos prestadores estrat\u00e9gicos garantem competitividade com [&hellip;]<\/p>\n","protected":false},"author":4,"featured_media":0,"comment_status":"closed","ping_status":"closed","sticky":false,"template":"","format":"standard","meta":[],"categories":[10],"tags":[],"_links":{"self":[{"href":"https:\/\/www.planodesaudebelem.com.br\/site\/wp-json\/wp\/v2\/posts\/3245"}],"collection":[{"href":"https:\/\/www.planodesaudebelem.com.br\/site\/wp-json\/wp\/v2\/posts"}],"about":[{"href":"https:\/\/www.planodesaudebelem.com.br\/site\/wp-json\/wp\/v2\/types\/post"}],"author":[{"embeddable":true,"href":"https:\/\/www.planodesaudebelem.com.br\/site\/wp-json\/wp\/v2\/users\/4"}],"replies":[{"embeddable":true,"href":"https:\/\/www.planodesaudebelem.com.br\/site\/wp-json\/wp\/v2\/comments?post=3245"}],"version-history":[{"count":4,"href":"https:\/\/www.planodesaudebelem.com.br\/site\/wp-json\/wp\/v2\/posts\/3245\/revisions"}],"predecessor-version":[{"id":3400,"href":"https:\/\/www.planodesaudebelem.com.br\/site\/wp-json\/wp\/v2\/posts\/3245\/revisions\/3400"}],"wp:attachment":[{"href":"https:\/\/www.planodesaudebelem.com.br\/site\/wp-json\/wp\/v2\/media?parent=3245"}],"wp:term":[{"taxonomy":"category","embeddable":true,"href":"https:\/\/www.planodesaudebelem.com.br\/site\/wp-json\/wp\/v2\/categories?post=3245"},{"taxonomy":"post_tag","embeddable":true,"href":"https:\/\/www.planodesaudebelem.com.br\/site\/wp-json\/wp\/v2\/tags?post=3245"}],"curies":[{"name":"wp","href":"https:\/\/api.w.org\/{rel}","templated":true}]}}