{"id":3233,"date":"2020-12-23T08:30:09","date_gmt":"2020-12-23T11:30:09","guid":{"rendered":"https:\/\/www.planodesaudebelem.com.br\/?p=3233"},"modified":"2020-12-23T08:30:09","modified_gmt":"2020-12-23T11:30:09","slug":"spg-plano-saude-belem","status":"publish","type":"post","link":"https:\/\/www.planodesaudebelem.com.br\/site\/spg-plano-saude-belem\/","title":{"rendered":"SPG Plano Saude+ Bel\u00e9m"},"content":{"rendered":"<p><strong>Grupos de 3 a 199 pessoas<\/strong><\/p>\n<p><strong>SPG Plano Saude+ Bel\u00e9m<br \/>\n<\/strong><\/p>\n<h2>Sobre o Plano Sa\u00fade+<\/h2>\n<p><strong>Sa\u00fade+<\/strong> \u00e9 uma linha de planos de abrang\u00eancia regional que oferece uma rede de atendimento nas capitais Rio de Janeiro e de S\u00e3o Paulo e seu entorno. Assim, temos o <strong>Bradesco Sa\u00fade Rio+<\/strong> e o <strong>Bradesco Sa\u00fade S\u00e3o Paulo+<\/strong>, com prestadores de servi\u00e7o de sa\u00fade reconhecidos pela excel\u00eancia no atendimento.<\/p>\n<p>&nbsp;<\/p>\n<p>O plano foi desenvolvido considerando quatro pilares com foco nas necessidades do cliente, resultando na excelente rela\u00e7\u00e3o custo-benef\u00edcio:<\/p>\n<p>&nbsp;<\/p>\n<p><strong>Mobilidade<\/strong> \u2013 Com o atendimento pensado para quem est\u00e1 em movimento entre as cidades da regi\u00e3o metropolitana de cada uma das duas capitais. No Bradesco Sa\u00fade Rio+ o cliente conta com cobertura em 14 munic\u00edpios enquanto no Bradesco Sa\u00fade S\u00e3o Paulo+ a cobertura \u00e9 garantida em 29 munic\u00edpios, incluindo o ABC, al\u00e9m da Baixada Santista. Adicionalmente, o plano garante reembolso para procedimentos realizados em todo o territ\u00f3rio nacional, inclusive nos casos de urg\u00eancia e emerg\u00eancia. Al\u00e9m disso, os benefici\u00e1rios do plano Rio+ podem usar a rede de servi\u00e7os do S\u00e3o Paulo+. E o mesmo vale para quem tem o de S\u00e3o Paulo e visita ao Rio, o que garante uma cobertura ainda mais completa para o benefici\u00e1rio que precisa de mobilidade.<\/p>\n<p>&nbsp;<\/p>\n<p><strong>Praticidade <\/strong>\u2013 A Central de Agendamento de Consultas e Exames tem uma equipe pronta para localizar o prestador mais adequado a oferecer o tratamento e a aten\u00e7\u00e3o necess\u00e1ria, aliando qualidade, facilidade e proximidade, e levando, assim, mais praticidade aos benefici\u00e1rios, que tamb\u00e9m t\u00eam a op\u00e7\u00e3o de entrar em contato direto com o referenciado.<\/p>\n<p>&nbsp;<\/p>\n<p><strong>Qualidade<\/strong> \u2013 A qualidade \u00e9 garantida por meio de referenciados com reconhecida excel\u00eancia no atendimento, prontos para atender as emerg\u00eancias, consultas, exames e interna\u00e7\u00f5es. Destaque para a rede de Cl\u00ednicas Novamed, que oferece consultas em diversas especialidades e a possibilidade de realiza\u00e7\u00e3o de exames no mesmo local. O benefici\u00e1rio tamb\u00e9m tem acesso aos m\u00e9dicos do Programa Meu Doutor, que tem como pilar a valoriza\u00e7\u00e3o do v\u00ednculo m\u00e9dico-paciente e resgata o atendimento prim\u00e1rio eficaz e resolutivo.<\/p>\n<p>&nbsp;<\/p>\n<p><strong>Efici\u00eancia<\/strong> &#8211; O benefici\u00e1rio tem \u00e0 sua disposi\u00e7\u00e3o um time de especialistas preparado para acompanhar toda a jornada de sa\u00fade, com seguran\u00e7a e efici\u00eancia, garantindo a assist\u00eancia com os recursos necess\u00e1rios desde o atendimento prim\u00e1rio at\u00e9 a alta complexidade. Para a efici\u00eancia no atendimento, oferecemos cuidado integrado e individualizado, conectando o benefici\u00e1rio ao prestador mais adequado \u00e0s suas necessidades.<\/p>\n<h2>Ofere\u00e7a os melhores servi\u00e7os de sa\u00fade aos seus colaboradores<\/h2>\n<h3>Para quem \u00e9<\/h3>\n<p>Para empresas presentes no Rio e em S\u00e3o Paulo e buscam oferecer servi\u00e7os de sa\u00fade com atendimento de alta qualidade a custo competitivo. Tamb\u00e9m ideal para quem tem a ponte a\u00e9rea como parte da rotina.<\/p>\n<h3>O que oferecemos<\/h3>\n<p>Rede regional especialmente selecionada, reembolso em todo territ\u00f3rio nacional, inclusive para urg\u00eancia e emerg\u00eancia, e diversos benef\u00edcios na utiliza\u00e7\u00e3o do plano.<\/p>\n<h3>Vantagens<\/h3>\n<p>Rede hospitalar de refer\u00eancia e Central de Agendamento de Consultas e Exames exclusiva que conecta o benefici\u00e1rio ao prestador mais adequado \u00e0s suas necessidades, com seguran\u00e7a e efici\u00eancia, garantinda<\/p>\n<h2>Detalhes do plano<\/h2>\n<p><strong>Abrang\u00eancia geogr\u00e1fica<\/strong><br \/>\n<strong>Cobertura Regional:<\/strong> O Sa\u00fade+ possui cobertura regional, com rede de prestadores distribu\u00edda em 43 munic\u00edpios, sendo:<\/p>\n<p><strong>RIO DE JANEIRO CAPITAL | REGI\u00c3O METROPOLITANA:<\/strong> BELFORD ROXO, DUQUE DE CAXIAS, GUAPIMIRIM, ITAGUA\u00cd, JAPERI, MAG\u00c9, MESQUITA, NIL\u00d3POLIS, NITER\u00d3I, NOVA IGUA\u00c7U, QUEIMADOS, S\u00c3O GON\u00c7ALO E S\u00c3O<\/p>\n<p>JO\u00c3O DO MERITI.<\/p>\n<p>&nbsp;<\/p>\n<p><strong>S\u00c3O PAULO CAPITAL | REGI\u00c3O METROPOLITANA: <\/strong>ARUJ\u00c1, BARUERI, CAIEIRAS, CAJAMAR, CARAPICU\u00cdBA, COTIA, EMBU DAS ARTES, FERRAZ VASCONCELOS, FRANCO DA ROCHA, GUARULHOS, ITAPECERICA DA SERRA, ITAQUAQUECETUBA, JANDIRA, MAIRIPOR\u00c3, OSASCO, PO\u00c1, SANTANA DO PARNA\u00cdBA, SUZANO E TABO\u00c3O DA SERRA | REGI\u00c3O DO ABC: DIADEMA, MAU\u00c1, RIBEIR\u00c3O PIRES, RIO GRANDE DA SERRA, SANTO ANDR\u00c9, S\u00c3O BERNARDO DO CAMPO E S\u00c3O CAETANO DO SUL | BAIXADA SANTISTA: GUARUJ\u00c1 E SANTOS.<\/p>\n<p>&nbsp;<\/p>\n<p><strong>Central de Agendamento de Consultas e Exames exclusiva<\/strong><\/p>\n<p>3003-6141<\/p>\n<p>&nbsp;<\/p>\n<p><strong>Reembolso<\/strong><\/p>\n<p>Reembolsos das despesas m\u00e9dico\u2010hospitalares em todo o territ\u00f3rio nacional, inclusive para casos de urg\u00eancia e emerg\u00eancia, limitados a 01 (uma) vez a tabela.<\/p>\n<p>&nbsp;<\/p>\n<p><strong>Op\u00e7\u00e3o de cobertura<\/strong><\/p>\n<p>Completa: Assist\u00eancia ambulatorial e hospitalar com obstetr\u00edcia, incluindo despesas com consultas, exames simples e especiais, terapias, tratamentos ambulatoriais e interna\u00e7\u00f5es cl\u00ednicas ou cir\u00fargicas, conforme Rol de Procedimentos e Eventos em Sa\u00fade vigente, estabelecido pela ANS.<\/p>\n<p>Al\u00e9m dos transplantes previstos no Rol de Procedimentos e Eventos em Sa\u00fade, editado pela ANS, que s\u00e3o: rim, c\u00f3rnea e medula \u00f3ssea, incluindo as despesas com doador vivo, quando for o caso, a Bradesco Sa\u00fade oferece cobertura para os seguintes transplantes: cora\u00e7\u00e3o, cardiopulmonar, pulm\u00e3o, f\u00edgado, p\u00e2ncreas e duplo rim-p\u00e2ncreas.<br \/>\n<strong>Acomoda\u00e7\u00e3o em interna\u00e7\u00e3o<\/strong><br \/>\nQuarto individual ou enfermaria.<\/p>\n<p>&nbsp;<\/p>\n<p><strong>Op\u00e7\u00f5es de inclus\u00e3o<\/strong><strong><\/p>\n<p>Compuls\u00f3ria:<\/strong> Inclus\u00e3o de todos os funcion\u00e1rios do grupo definido pela empresa, qualquer que seja o n\u00famero de empregados. Vale tamb\u00e9m para os dependentes.<br \/>\n<strong>Opcional: <\/strong>N\u00e3o h\u00e1 obrigatoriedade de inclus\u00e3o de todo o grupo de funcion\u00e1rios vinculado \u00e0 empresa.<br \/>\n<strong>Forma\u00e7\u00e3o do pre\u00e7o<\/strong><\/p>\n<p><strong>&#8211; Pr\u00e9\u2010pagamento:<\/strong> O valor da mensalidade \u00e9 calculado previamente, com base nas coberturas contratadas pela empresa, podendo optar por uma das modalidades de pagamento abaixo.<\/p>\n<p><strong>&#8211; Faixa et\u00e1ria:<\/strong> Op\u00e7\u00e3o dispon\u00edvel para empresas que aderem a planos tanto da modalidade Compuls\u00f3ria quanto da Opcional, para todos os perfis de clientes.<br \/>\n<strong>&#8211; Custo m\u00e9dio: <\/strong>Op\u00e7\u00e3o dispon\u00edvel somente para empresas que aderem os planos da modalidade Compuls\u00f3ria e que possu\u00edrem entre 100 e 199 pessoas no momento da contrata\u00e7\u00e3o.<\/p>\n<p><strong>Coparticipa\u00e7\u00e3o<\/strong><\/p>\n<p>A <strong>Coparticipa\u00e7\u00e3o Ambulatorial <\/strong>\u00e9 um mecanismo de regula\u00e7\u00e3o no qual o benefici\u00e1rio participa financeiramente do valor dos procedimentos cobertos relativos a pequeno risco (consultas e exames simples), havendo op\u00e7\u00e3o de escolha entre 10%, 20% ou 30%, lineares.<\/p>\n<p>Cabe \u00e0 empresa contratante a op\u00e7\u00e3o de incluir ou n\u00e3o a coparticipa\u00e7\u00e3o.<\/p>\n<p><strong>As condi\u00e7\u00f5es de car\u00eancia e Cobertura Parcial Tempor\u00e1ria (CPT) dependem da quantidade de pessoas constantes da ap\u00f3lice. Para saber mais, consulte um corretor.<\/strong><\/p>\n","protected":false},"excerpt":{"rendered":"<p>Grupos de 3 a 199 pessoas SPG Plano Saude+ Bel\u00e9m Sobre o Plano Sa\u00fade+ Sa\u00fade+ \u00e9 uma linha de planos de abrang\u00eancia regional que oferece uma rede de atendimento nas capitais Rio de Janeiro e de S\u00e3o Paulo e seu entorno. Assim, temos o Bradesco Sa\u00fade Rio+ e o Bradesco Sa\u00fade S\u00e3o Paulo+, com prestadores [&hellip;]<\/p>\n","protected":false},"author":4,"featured_media":0,"comment_status":"closed","ping_status":"closed","sticky":false,"template":"","format":"standard","meta":[],"categories":[10],"tags":[],"_links":{"self":[{"href":"https:\/\/www.planodesaudebelem.com.br\/site\/wp-json\/wp\/v2\/posts\/3233"}],"collection":[{"href":"https:\/\/www.planodesaudebelem.com.br\/site\/wp-json\/wp\/v2\/posts"}],"about":[{"href":"https:\/\/www.planodesaudebelem.com.br\/site\/wp-json\/wp\/v2\/types\/post"}],"author":[{"embeddable":true,"href":"https:\/\/www.planodesaudebelem.com.br\/site\/wp-json\/wp\/v2\/users\/4"}],"replies":[{"embeddable":true,"href":"https:\/\/www.planodesaudebelem.com.br\/site\/wp-json\/wp\/v2\/comments?post=3233"}],"version-history":[{"count":1,"href":"https:\/\/www.planodesaudebelem.com.br\/site\/wp-json\/wp\/v2\/posts\/3233\/revisions"}],"predecessor-version":[{"id":3234,"href":"https:\/\/www.planodesaudebelem.com.br\/site\/wp-json\/wp\/v2\/posts\/3233\/revisions\/3234"}],"wp:attachment":[{"href":"https:\/\/www.planodesaudebelem.com.br\/site\/wp-json\/wp\/v2\/media?parent=3233"}],"wp:term":[{"taxonomy":"category","embeddable":true,"href":"https:\/\/www.planodesaudebelem.com.br\/site\/wp-json\/wp\/v2\/categories?post=3233"},{"taxonomy":"post_tag","embeddable":true,"href":"https:\/\/www.planodesaudebelem.com.br\/site\/wp-json\/wp\/v2\/tags?post=3233"}],"curies":[{"name":"wp","href":"https:\/\/api.w.org\/{rel}","templated":true}]}}