{"id":3226,"date":"2020-12-22T16:28:59","date_gmt":"2020-12-22T19:28:59","guid":{"rendered":"https:\/\/www.planodesaudebelem.com.br\/?p=3226"},"modified":"2020-12-22T16:30:01","modified_gmt":"2020-12-22T19:30:01","slug":"spg-plano-nacional-flex-belem","status":"publish","type":"post","link":"https:\/\/www.planodesaudebelem.com.br\/site\/spg-plano-nacional-flex-belem\/","title":{"rendered":"SPG Plano Nacional Flex Bel\u00e9m"},"content":{"rendered":"<p><strong>Grupos de 3 a 199 pessoas<\/strong><\/p>\n<h2>Sobre o Plano Nacional Flex Bel\u00e9m<\/h2>\n<p>Se voc\u00ea tem uma empresa e quer oferecer aos seus funcion\u00e1rios um plano de sa\u00fade com atendimento em todas as regi\u00f5es do Brasil a\u00a0pre\u00e7os competitivos, esse \u00e9 o plano\u00a0ideal. Com o\u00a0Nacional Flex voc\u00ea ainda tem reembolso de despesas m\u00e9dicas realizadas em territ\u00f3rio nacional.<\/p>\n<h2>Ofere\u00e7a os melhores servi\u00e7os de sa\u00fade aos seus colaboradores<\/h2>\n<h3>Para quem \u00e9<\/h3>\n<p>Para empresas que querem oferecer um plano de sa\u00fade com atendimento em todas as regi\u00f5es do Brasil, a pre\u00e7os competitivos.<\/p>\n<h3>Como funciona<\/h3>\n<p>Atendimento em uma rede integrada de m\u00e9dicos, cl\u00ednicas, laborat\u00f3rios, hospitais e prontos-socorros adequados \u00e0s suas necessidades.<\/p>\n<h3>Vantagens<\/h3>\n<p>Possibilidade de utilizar servi\u00e7os fora da rede referenciada, com reembolso dos procedimentos realizados em todo o territ\u00f3rio nacional.<\/p>\n<h2>Detalhes do plano<\/h2>\n<p><strong>Abrang\u00eancia geogr\u00e1fica<\/strong><br \/>\nCobertura em todo territ\u00f3rio nacional.<\/p>\n<p><strong>Rede referenciada<\/strong><br \/>\nNacional Flex.<\/p>\n<p><strong>Reembolsos<\/strong><br \/>\nReembolsos das despesas m\u00e9dico\u2010hospitalares em todo o territ\u00f3rio nacional, conforme os limites do contrato.<\/p>\n<p><strong>Op\u00e7\u00f5es de cobertura<\/strong><br \/>\n<strong>Completa:<\/strong>\u00a0assist\u00eancia ambulatorial e hospitalar com obstetr\u00edcia, incluindo despesas com consultas, exames simples e especiais, terapias, tratamentos ambulatoriais e interna\u00e7\u00f5es cl\u00ednicas ou cir\u00fargicas, conforme Rol de Procedimentos e Eventos em Sa\u00fade vigente, estabelecido pela ANS.<\/p>\n<p>Al\u00e9m das coberturas do Rol de Procedimentos e Eventos em Sa\u00fade Vigente, os planos da Bradesco Sa\u00fade oferecem cobertura para transplantes n\u00e3o obrigat\u00f3rios. Para mais informa\u00e7\u00f5es, consulte um corretor.<\/p>\n<p><strong>Acomoda\u00e7\u00e3o<\/strong><br \/>\nQuarto individual ou enfermaria.<\/p>\n<p><strong>Op\u00e7\u00f5es de inclus\u00e3o<\/strong><br \/>\n<strong>Compuls\u00f3ria:<\/strong>\u00a0inclus\u00e3o de todos os funcion\u00e1rios do grupo definido pela empresa, qualquer que seja o n\u00famero de empregados. Vale tamb\u00e9m para os dependentes.<\/p>\n<p><strong>Opcional:<\/strong>\u00a0n\u00e3o h\u00e1 obrigatoriedade de inclus\u00e3o de todo o grupo de funcion\u00e1rios vinculado \u00e0 empresa.<\/p>\n<p><strong>Forma\u00e7\u00e3o do pre\u00e7o<\/strong><br \/>\n<strong>&#8211; Pr\u00e9<\/strong><strong>\u2010pagamento:<\/strong>\u00a0o valor da mensalidade \u00e9 calculado previamente, com base nas coberturas contratadas pela empresa, podendo optar por uma das modalidades de pagamento abaixo:<\/p>\n<p><strong>\u00a0&#8211; Faixa et\u00e1ria:<\/strong>\u00a0op\u00e7\u00e3o dispon\u00edvel para empresas que aderem a planos tanto da modalidade Compuls\u00f3ria quanto da Opcional, para todos os perfis de clientes.<br \/>\n<strong>\u00a0&#8211; Custo m\u00e9dio: <\/strong>op\u00e7\u00e3o dispon\u00edvel somente para empresas que aderem a planos da modalidade Compuls\u00f3ria e que possu\u00edrem entre 100 e 199 vidas no momento da contrata\u00e7\u00e3o.<\/p>\n<p><strong>Coparticipa\u00e7\u00e3o<\/strong><br \/>\nA\u00a0Coparticipa\u00e7\u00e3o Ambulatorial\u00a0\u00e9 um mecanismo de regula\u00e7\u00e3o onde o\u00a0benefici\u00e1rio participa financeiramente do valor dos procedimentos cobertos relativos a pequeno risco (consultas e exames simples), havendo op\u00e7\u00e3o de escolha entre 10%, 20% ou 30%, lineares.<\/p>\n<p>Cabe \u00e0\u00a0empresa contratante a op\u00e7\u00e3o de incluir ou n\u00e3o a coparticipa\u00e7\u00e3o.<\/p>\n<p><strong>Car\u00eancia e CPT (Cobertura Parcial Tempor\u00e1ria)<\/strong><strong><\/p>\n<p>Empresas de 3 a 29 pessoas<\/strong><br \/>\nHaver\u00e1 aplica\u00e7\u00e3o de CPT** sempre que for identificada doen\u00e7a ou les\u00e3o preexistente, conforme condi\u00e7\u00f5es contratuais. A depender da quantidade de pessoas, pode ser aplicada redu\u00e7\u00e3o ou isen\u00e7\u00e3o de car\u00eancias*.<\/p>\n<p><strong>Empresas a partir de 30 pessoas<\/strong><\/p>\n<p>Isen\u00e7\u00e3o de car\u00eancias* e CPT**, desde que a inclus\u00e3o do benefici\u00e1rio seja realizada no prazo determinado em contrato, conforme a legisla\u00e7\u00e3o em vigor.<\/p>\n<p>*Car\u00eancia: tempo de espera para realizar um procedimento espec\u00edfico atrav\u00e9s do plano de sa\u00fade.<\/p>\n<p>**Cobertura Parcial Tempor\u00e1ria (CPT): per\u00edodo m\u00e1ximo de 24 meses, a partir da data da contrata\u00e7\u00e3o do plano, em que \u00e9 permitida a suspens\u00e3o da cobertura de eventos cir\u00fargicos, leitos de alta tecnologia (UTI\/CTI) e procedimentos de alta complexidade, relacionados a doen\u00e7a e\/ou les\u00e3o preexistente.<\/p>\n<p>A Cobertura Parcial Tempor\u00e1ria (CPT) para doen\u00e7as ou les\u00f5es preexistentes ser\u00e1 aplicada independentemente da redu\u00e7\u00e3o\/isen\u00e7\u00e3o de car\u00eancias.<\/p>\n","protected":false},"excerpt":{"rendered":"<p>Grupos de 3 a 199 pessoas Sobre o Plano Nacional Flex Bel\u00e9m Se voc\u00ea tem uma empresa e quer oferecer aos seus funcion\u00e1rios um plano de sa\u00fade com atendimento em todas as regi\u00f5es do Brasil a\u00a0pre\u00e7os competitivos, esse \u00e9 o plano\u00a0ideal. Com o\u00a0Nacional Flex voc\u00ea ainda tem reembolso de despesas m\u00e9dicas realizadas em territ\u00f3rio nacional. [&hellip;]<\/p>\n","protected":false},"author":4,"featured_media":0,"comment_status":"closed","ping_status":"closed","sticky":false,"template":"","format":"standard","meta":[],"categories":[10,1],"tags":[],"_links":{"self":[{"href":"https:\/\/www.planodesaudebelem.com.br\/site\/wp-json\/wp\/v2\/posts\/3226"}],"collection":[{"href":"https:\/\/www.planodesaudebelem.com.br\/site\/wp-json\/wp\/v2\/posts"}],"about":[{"href":"https:\/\/www.planodesaudebelem.com.br\/site\/wp-json\/wp\/v2\/types\/post"}],"author":[{"embeddable":true,"href":"https:\/\/www.planodesaudebelem.com.br\/site\/wp-json\/wp\/v2\/users\/4"}],"replies":[{"embeddable":true,"href":"https:\/\/www.planodesaudebelem.com.br\/site\/wp-json\/wp\/v2\/comments?post=3226"}],"version-history":[{"count":1,"href":"https:\/\/www.planodesaudebelem.com.br\/site\/wp-json\/wp\/v2\/posts\/3226\/revisions"}],"predecessor-version":[{"id":3227,"href":"https:\/\/www.planodesaudebelem.com.br\/site\/wp-json\/wp\/v2\/posts\/3226\/revisions\/3227"}],"wp:attachment":[{"href":"https:\/\/www.planodesaudebelem.com.br\/site\/wp-json\/wp\/v2\/media?parent=3226"}],"wp:term":[{"taxonomy":"category","embeddable":true,"href":"https:\/\/www.planodesaudebelem.com.br\/site\/wp-json\/wp\/v2\/categories?post=3226"},{"taxonomy":"post_tag","embeddable":true,"href":"https:\/\/www.planodesaudebelem.com.br\/site\/wp-json\/wp\/v2\/tags?post=3226"}],"curies":[{"name":"wp","href":"https:\/\/api.w.org\/{rel}","templated":true}]}}