{"id":3220,"date":"2020-12-22T16:26:16","date_gmt":"2020-12-22T19:26:16","guid":{"rendered":"https:\/\/www.planodesaudebelem.com.br\/?p=3220"},"modified":"2020-12-22T16:26:47","modified_gmt":"2020-12-22T19:26:47","slug":"spg-plano-nacional-plus-belem","status":"publish","type":"post","link":"https:\/\/www.planodesaudebelem.com.br\/site\/spg-plano-nacional-plus-belem\/","title":{"rendered":"SPG Plano Nacional Plus Bel\u00e9m"},"content":{"rendered":"<p><strong>Grupos de 3 a 199 pessoas<\/strong><\/p>\n<h2>Sobre o Plano Nacional Plus Bel\u00e9m<\/h2>\n<p>O Nacional Plus \u00e9 um plano para empresas que querem oferecer\u00a0atendimento de sa\u00fade em\u00a0todas as regi\u00f5es do Brasil e os servi\u00e7os exclusivos do\u00a0Bradesco Sa\u00fade Concierge. Al\u00e9m disso, voc\u00ea e seus funcion\u00e1rios contam com\u00a0reembolso de despesas realizadas no territ\u00f3rio nacional\u00a0ou\u00a0no exterior.<\/p>\n<h2>Ofere\u00e7a os melhores servi\u00e7os de sa\u00fade aos seus colaboradores<\/h2>\n<h3>Para quem \u00e9<\/h3>\n<p>Para empresas que querem oferecer um plano de sa\u00fade com uma rede referenciada exclusiva e atendimento em todas as regi\u00f5es do Brasil.<\/p>\n<h3>Como funciona<\/h3>\n<p>Rede referenciada exclusiva e liberdade na escolha de profissionais e servi\u00e7os m\u00e9dicos com reembolso dispon\u00edvel para todo o Brasil e exterior, respeitando os limites contratuais.<\/p>\n<h3>Vantagens<\/h3>\n<p>Hospitais e laborat\u00f3rios de refer\u00eancia em sa\u00fade, al\u00e9m dos benef\u00edcios exclusivos do Bradesco Sa\u00fade Concierge nas seguintes cidades: S\u00e3o Paulo, Rio de Janeiro, Resende (RJ), Belo Horizonte e Salvador.<\/p>\n<h2>Detalhes do plano<\/h2>\n<p><strong>Abrang\u00eancia geogr\u00e1fica<\/strong><br \/>\nCobertura em todo territ\u00f3rio nacional.<\/p>\n<p><strong>Rede referenciada<\/strong><br \/>\nNacional Plus.<\/p>\n<p><strong>Reembolsos<\/strong><br \/>\nReembolsos das despesas m\u00e9dico\u2010hospitalares em todo o territ\u00f3rio nacional e no exterior, conforme os limites do contrato. As despesas hospitalares ocorridas no exterior poder\u00e3o ter o limite de reembolso ampliado, de forma a alcan\u00e7ar os custos m\u00e9dios praticados pelos hospitais de melhor n\u00edvel na rede referenciada.<\/p>\n<p><strong>Op\u00e7\u00f5es de cobertura<\/strong><br \/>\n<strong>Completa:\u00a0<\/strong>assist\u00eancia ambulatorial e hospitalar com obstetr\u00edcia, incluindo despesas com consultas, exames simples e especiais, terapias, tratamentos ambulatoriais e interna\u00e7\u00f5es cl\u00ednicas ou cir\u00fargicas, conforme Rol de Procedimentos e Eventos em Sa\u00fade vigente, estabelecido pela ANS.<\/p>\n<p><strong>Hospitalar com obstetr\u00edcia:<\/strong>\u00a0assist\u00eancia hospitalar com obstetr\u00edcia, incluindo despesas com interna\u00e7\u00f5es cl\u00ednicas ou cir\u00fargicas, conforme Rol de Procedimentos e Eventos em Sa\u00fade vigente, estabelecido pela ANS.<\/p>\n<p>Al\u00e9m das coberturas do Rol de Procedimentos e Eventos em Sa\u00fade Vigente, os planos da Bradesco Sa\u00fade oferecem cobertura para transplantes n\u00e3o obrigat\u00f3rios. Para mais informa\u00e7\u00f5es, consulte um corretor.<\/p>\n<p><strong>Acomoda\u00e7\u00e3o<\/strong><br \/>\nQuarto individual.<\/p>\n<p><strong>Op\u00e7\u00f5es de inclus\u00e3o<\/strong><br \/>\n<strong>Compuls\u00f3ria:\u00a0<\/strong>inclus\u00e3o de todos os funcion\u00e1rios do grupo definido pela empresa, qualquer que seja o n\u00famero de empregados. Vale tamb\u00e9m para os dependentes.<\/p>\n<p><strong>Opcional:\u00a0<\/strong>n\u00e3o h\u00e1 obrigatoriedade de inclus\u00e3o de todo o grupo de funcion\u00e1rios vinculado \u00e0 empresa.<\/p>\n<p><strong>Forma\u00e7\u00e3o de pre\u00e7o<\/strong><br \/>\n<strong>&#8211; Pr\u00e9<\/strong><strong>\u2010pagamento:<\/strong>\u00a0o valor da mensalidade \u00e9 calculado previamente, com base nas coberturas contratadas pela empresa, podendo optar por uma das modalidades de pagamento abaixo:<\/p>\n<p><strong> \u00a0 &#8211; Faixa et\u00e1ria:<\/strong>\u00a0op\u00e7\u00e3o dispon\u00edvel para empresas que aderem a planos tanto da modalidade Compuls\u00f3ria quanto da Opcional, para todos os perfis de clientes.<br \/>\n<strong>\u00a0&#8211; Custo m\u00e9dio:<\/strong>\u00a0op\u00e7\u00e3o dispon\u00edvel somente para empresas que aderem a planos da modalidade Compuls\u00f3ria e que possu\u00edrem entre 100 e 199 vidas no momento da contrata\u00e7\u00e3o.<\/p>\n<p><strong>Car\u00eancia e CPT (Cobertura Parcial Tempor\u00e1ria)<\/strong><\/p>\n<p>Empresas de 3 a 29 pessoas<br \/>\nHaver\u00e1 aplica\u00e7\u00e3o de CPT** sempre que for\u00a0identificada doen\u00e7a ou les\u00e3o preexistente, conforme condi\u00e7\u00f5es contratuais. A depender da quantidade de pessoas, pode ser aplicada redu\u00e7\u00e3o ou isen\u00e7\u00e3o de car\u00eancias*.<\/p>\n<p><strong>Empresas a partir de 30 pessoas<\/strong><br \/>\nIsen\u00e7\u00e3o de car\u00eancias* e CPT**, desde que a inclus\u00e3o do benefici\u00e1rio seja realizada no prazo determinado em contrato, conforme a legisla\u00e7\u00e3o em vigor.<\/p>\n<p>*Car\u00eancia: tempo de espera para realizar um procedimento espec\u00edfico atrav\u00e9s do plano de sa\u00fade.<\/p>\n<p>**Cobertura Parcial Tempor\u00e1ria (CPT): per\u00edodo m\u00e1ximo de 24 meses, a partir da data da contrata\u00e7\u00e3o do plano, em que \u00e9 permitida a suspens\u00e3o da cobertura de eventos cir\u00fargicos, leitos de alta tecnologia (UTI\/CTI) e procedimentos de alta complexidade, relacionados a doen\u00e7a e\/ou les\u00e3o preexistente.<\/p>\n<p>A Cobertura Parcial Tempor\u00e1ria (CPT) para doen\u00e7as ou les\u00f5es preexistentes ser\u00e1 aplicada independentemente da redu\u00e7\u00e3o\/isen\u00e7\u00e3o de car\u00eancias.<\/p>\n<p><strong>Coparticipa\u00e7\u00e3o<\/strong><br \/>\nA\u00a0<strong>Coparticipa\u00e7\u00e3o Ambulatorial<\/strong>\u00a0\u00e9 um mecanismo de regula\u00e7\u00e3o onde o\u00a0benefici\u00e1rio participa financeiramente do valor dos procedimentos cobertos relativos a pequeno risco (consultas e exames simples), havendo op\u00e7\u00e3o de escolha entre 10%, 20% ou 30%, lineares.<\/p>\n<p>Cabe \u00e0\u00a0empresa contratante a op\u00e7\u00e3o de incluir ou n\u00e3o a coparticipa\u00e7\u00e3o.<\/p>\n<p><strong>Assist\u00eancia em Viagem (Seguro Viagem Bradesco)<\/strong><br \/>\nCom o objetivo de garantir prote\u00e7\u00e3o e seguran\u00e7a, a Assist\u00eancia em Viagem (Seguro Viagem Bradesco) disp\u00f5e de uma s\u00e9rie de coberturas e servi\u00e7os no caso de acidentes, imprevistos e doen\u00e7as com manifesta\u00e7\u00e3o s\u00fabita e aguda, quando o benefici\u00e1rio estiver em viagem no Brasil a mais de 100 km do munic\u00edpio de sua resid\u00eancia, bem como em viagens ao exterior. Em ambos os casos, \u00e9 necess\u00e1rio que o benefici\u00e1rio n\u00e3o esteja afastado de sua resid\u00eancia permanente por per\u00edodo superior a 90 (noventa) dias em uma mesma viagem. Al\u00e9m disso, atrav\u00e9s do\u00a0Bradesco\u00a0Sa\u00fade\u00a0Concierge, o\u00a0benefici\u00e1rio conta com servi\u00e7os no \u00e2mbito do Tratado de Schengen, que fixa regras para a cobertura m\u00e9dica em v\u00e1rios pa\u00edses europeus.<\/p>\n<p>Este benef\u00edcio prev\u00ea tamb\u00e9m o reembolso de despesas, se esta for a op\u00e7\u00e3o do benefici\u00e1rio no momento da utiliza\u00e7\u00e3o da cobertura.<\/p>\n<p>O Seguro Viagem Bradesco \u00e9 garantido pela Bradesco Vida e Previd\u00eancia S.A., contratada pela Bradesco Sa\u00fade S.A., conforme exig\u00eancia da SUSEP, atrav\u00e9s da Resolu\u00e7\u00e3o CNSP n\u00ba 315\/2014, em seu artigo 22, e em vigor desde 26\/03\/2016, para coberturas do \u201cSeguro Viagem Bradesco\u201d.<\/p>\n<p><strong>Aten\u00e7\u00e3o: O seguro viagem n\u00e3o \u00e9\u00a0Plano de\u00a0Sa\u00fade.\u00a0Leia atentamente as condi\u00e7\u00f5es contratuais do seguro, observando os direitos e obriga\u00e7\u00f5es, bem como o limite do capital segurado contratado para cada cobertura.\u00a0<\/strong><\/p>\n<p><strong>Remiss\u00e3o<\/strong><br \/>\nNo caso de morte do\u00a0benefici\u00e1rio titular, os dependentes inclu\u00eddos no plano ter\u00e3o isen\u00e7\u00e3o de pagamento pelo per\u00edodo de 2 (dois) anos, respeitando-se as condi\u00e7\u00f5es contratuais.<\/p>\n","protected":false},"excerpt":{"rendered":"<p>Grupos de 3 a 199 pessoas Sobre o Plano Nacional Plus Bel\u00e9m O Nacional Plus \u00e9 um plano para empresas que querem oferecer\u00a0atendimento de sa\u00fade em\u00a0todas as regi\u00f5es do Brasil e os servi\u00e7os exclusivos do\u00a0Bradesco Sa\u00fade Concierge. Al\u00e9m disso, voc\u00ea e seus funcion\u00e1rios contam com\u00a0reembolso de despesas realizadas no territ\u00f3rio nacional\u00a0ou\u00a0no exterior. Ofere\u00e7a os melhores [&hellip;]<\/p>\n","protected":false},"author":4,"featured_media":0,"comment_status":"closed","ping_status":"closed","sticky":false,"template":"","format":"standard","meta":[],"categories":[10],"tags":[],"_links":{"self":[{"href":"https:\/\/www.planodesaudebelem.com.br\/site\/wp-json\/wp\/v2\/posts\/3220"}],"collection":[{"href":"https:\/\/www.planodesaudebelem.com.br\/site\/wp-json\/wp\/v2\/posts"}],"about":[{"href":"https:\/\/www.planodesaudebelem.com.br\/site\/wp-json\/wp\/v2\/types\/post"}],"author":[{"embeddable":true,"href":"https:\/\/www.planodesaudebelem.com.br\/site\/wp-json\/wp\/v2\/users\/4"}],"replies":[{"embeddable":true,"href":"https:\/\/www.planodesaudebelem.com.br\/site\/wp-json\/wp\/v2\/comments?post=3220"}],"version-history":[{"count":2,"href":"https:\/\/www.planodesaudebelem.com.br\/site\/wp-json\/wp\/v2\/posts\/3220\/revisions"}],"predecessor-version":[{"id":3222,"href":"https:\/\/www.planodesaudebelem.com.br\/site\/wp-json\/wp\/v2\/posts\/3220\/revisions\/3222"}],"wp:attachment":[{"href":"https:\/\/www.planodesaudebelem.com.br\/site\/wp-json\/wp\/v2\/media?parent=3220"}],"wp:term":[{"taxonomy":"category","embeddable":true,"href":"https:\/\/www.planodesaudebelem.com.br\/site\/wp-json\/wp\/v2\/categories?post=3220"},{"taxonomy":"post_tag","embeddable":true,"href":"https:\/\/www.planodesaudebelem.com.br\/site\/wp-json\/wp\/v2\/tags?post=3220"}],"curies":[{"name":"wp","href":"https:\/\/api.w.org\/{rel}","templated":true}]}}