{"id":27,"date":"2016-06-20T09:40:56","date_gmt":"2016-06-20T12:40:56","guid":{"rendered":"http:\/\/www.planodesaudemaringa.com\/site\/?p=27"},"modified":"2021-01-16T15:21:37","modified_gmt":"2021-01-16T18:21:37","slug":"plano-de-saude-sulamerica-belem","status":"publish","type":"post","link":"https:\/\/www.planodesaudebelem.com.br\/site\/plano-de-saude-sulamerica-belem\/","title":{"rendered":"SulAm\u00e9rica Sa\u00fade"},"content":{"rendered":"\t\t<div data-elementor-type=\"wp-post\" data-elementor-id=\"27\" class=\"elementor elementor-27\">\n\t\t\t\t\t\t<div class=\"elementor-inner\">\n\t\t\t\t<div class=\"elementor-section-wrap\">\n\t\t\t\t\t\t\t\t\t<section class=\"elementor-section elementor-top-section elementor-element elementor-element-11b5d1dc elementor-section-boxed elementor-section-height-default elementor-section-height-default\" data-id=\"11b5d1dc\" data-element_type=\"section\">\n\t\t\t\t\t\t<div class=\"elementor-container elementor-column-gap-default\">\n\t\t\t\t\t\t\t<div class=\"elementor-row\">\n\t\t\t\t\t<div class=\"elementor-column elementor-col-100 elementor-top-column elementor-element elementor-element-65b89c5b\" data-id=\"65b89c5b\" data-element_type=\"column\">\n\t\t\t<div class=\"elementor-column-wrap elementor-element-populated\">\n\t\t\t\t\t\t\t<div class=\"elementor-widget-wrap\">\n\t\t\t\t\t\t<div class=\"elementor-element elementor-element-32cb9b0c elementor-widget elementor-widget-text-editor\" data-id=\"32cb9b0c\" data-element_type=\"widget\" data-widget_type=\"text-editor.default\">\n\t\t\t\t<div class=\"elementor-widget-container\">\n\t\t\t\t\t\t\t\t<div class=\"elementor-text-editor elementor-clearfix\">\n\t\t\t\t<span style=\"font-weight: 400;\">Dom Joaquim Sanchez de Larragoiti foi o respons\u00e1vel por inovar no mercado de assist\u00eancia de medicina com o plano Sulam\u00e9rica. A partir dessa atitude, todos os brasileiros come\u00e7aram a aproveitar o melhor em aux\u00edlio e cuidado m\u00e9dico, o que tornou o grupo uma refer\u00eancia para aqueles que desejam aproveitar melhor a vida. Assim, ter mais bem-estar de medicina \u00e9 poss\u00edvel a partir da assinatura de uma ap\u00f3lice do <\/span><b>Plano de Sa\u00fade Sulam\u00e9rica Bel\u00e9m.<\/b>\n\n<span style=\"font-weight: 400;\">Contratar a Sulam\u00e9rica significa aproveitar uma excelente op\u00e7\u00e3o de cuidado, pois essa operadora garante privil\u00e9gios que se encaixam exatamente com as necessidades de todos os clientes. Por isso, pode-se afirmar que aqueles que contratam esse benef\u00edcio passam a depender de uma bandeira que \u00e9 fiel ao consumidor. Saiba mais sobre o plano nos itens abaixo:<\/span>\n<ul>\n \t<li style=\"font-weight: 400;\"><span style=\"font-weight: 400;\">O crescimento da bandeira Sulam\u00e9rica \u00e9 fruto do alto rendimento nas atividades dessa operadora<\/span><\/li>\n \t<li style=\"font-weight: 400;\"><span style=\"font-weight: 400;\">H\u00e1 um empenho de estabelecer as atividades com o objetivo de garantir mais conforto aos clientes, o que atrai cada vez mais pessoas<\/span><\/li>\n \t<li style=\"font-weight: 400;\"><span style=\"font-weight: 400;\">A Sulam\u00e9rica tem ferramentas que zelam tanto em casos de urg\u00eancia e emerg\u00eancia como tamb\u00e9m nos aspectos preventivos<\/span><\/li>\n \t<li style=\"font-weight: 400;\"><span style=\"font-weight: 400;\">Todo conforto que os usu\u00e1rios necessitam se encontra com a contrata\u00e7\u00e3o do <\/span><b>Plano de Sa\u00fade Sulam\u00e9rica Bel\u00e9m, <\/b><span style=\"font-weight: 400;\">que<\/span><span style=\"font-weight: 400;\"> disponibiliza est\u00e3o devidamente alinhadas com os requisitos m\u00ednimos que foram implementados pela Ag\u00eancia Nacional de Sa\u00fade Suplementar (ANS)<\/span><\/li>\n<\/ul>\n<span style=\"font-weight: 400;\">As classifica\u00e7\u00f5es se categorizam em:<\/span>\n<ul>\n \t<li style=\"font-weight: 400;\"><span style=\"font-weight: 400;\">SulAm\u00e9rica Sa\u00fade, que possui perfil individual e familiar;<\/span><\/li>\n \t<li style=\"font-weight: 400;\"><span style=\"font-weight: 400;\">Coletivo por Ades\u00e3o, voltado para os agregados com institui\u00e7\u00f5es de classe;<\/span><\/li>\n \t<li style=\"font-weight: 400;\"><span style=\"font-weight: 400;\">SulAm\u00e9rica Sa\u00fade PME, que possui um vi\u00e9s empresarial e pode ser contratado por pequenos e m\u00e9dios empres\u00e1rios que possuem de 03 at\u00e9 29 vidas;<\/span><\/li>\n \t<li style=\"font-weight: 400;\"><span style=\"font-weight: 400;\">SulAm\u00e9rica Sa\u00fade PME Mais, que pode ser contratado por pequenos e m\u00e9dios empres\u00e1rios com recursos e vantagens interessantes para os benefici\u00e1rios;<\/span><\/li>\n \t<li style=\"font-weight: 400;\"><span style=\"font-weight: 400;\">SulAm\u00e9rica Sa\u00fade Empresarial, que oferece outros benef\u00edcios e comodidades.<\/span><\/li>\n<\/ul>\n<span style=\"font-weight: 400;\">Os estilos de planos se dividem em:<\/span>\n<ul>\n \t<li style=\"font-weight: 400;\"><span style=\"font-weight: 400;\">Exato;<\/span><\/li>\n \t<li style=\"font-weight: 400;\"><span style=\"font-weight: 400;\">Cl\u00e1ssico;<\/span><\/li>\n \t<li style=\"font-weight: 400;\"><span style=\"font-weight: 400;\">Especial 100;<\/span><\/li>\n \t<li style=\"font-weight: 400;\"><span style=\"font-weight: 400;\">Executivo; <\/span><\/li>\n \t<li style=\"font-weight: 400;\"><span style=\"font-weight: 400;\">Prestige.<\/span><\/li>\n<\/ul>\n<span style=\"font-weight: 400;\">Confira agora outras caracter\u00edsticas presentes no plano de sa\u00fade disponibilizado pela Sulam\u00e9rica:<\/span>\n<ul>\n \t<li style=\"font-weight: 400;\"><span style=\"font-weight: 400;\">Os modos de contrata\u00e7\u00e3o podem ser feitos por meio Ambulatorial e Hospitalar com obstetr\u00edcia e Hospitalar com obstetr\u00edcia;<\/span><\/li>\n \t<li style=\"font-weight: 400;\"><span style=\"font-weight: 400;\">H\u00e1 contrata\u00e7\u00f5es opcionais;<\/span><\/li>\n \t<li style=\"font-weight: 400;\"><span style=\"font-weight: 400;\">Outros benef\u00edcios incluem descontos para comprar medicamentos, vacinas, materiais hospitalares, coleta domiciliar, Concierge, Courrier, Motorista Amigo, Remo\u00e7\u00e3o Especial, academias e outros.<\/span><\/li>\n<\/ul>\n<strong>Conhe\u00e7a Nossos Planos:<\/strong>\t\t\t\t\t<\/div>\n\t\t\t\t\t\t<\/div>\n\t\t\t\t<\/div>\n\t\t\t\t\t\t<\/div>\n\t\t\t\t\t<\/div>\n\t\t<\/div>\n\t\t\t\t\t\t\t\t<\/div>\n\t\t\t\t\t<\/div>\n\t\t<\/section>\n\t\t\t\t<section class=\"elementor-section elementor-top-section elementor-element elementor-element-e0fca8c elementor-section-boxed elementor-section-height-default elementor-section-height-default\" data-id=\"e0fca8c\" data-element_type=\"section\">\n\t\t\t\t\t\t<div class=\"elementor-container elementor-column-gap-default\">\n\t\t\t\t\t\t\t<div class=\"elementor-row\">\n\t\t\t\t\t<div class=\"elementor-column elementor-col-100 elementor-top-column elementor-element elementor-element-71a79d3\" data-id=\"71a79d3\" data-element_type=\"column\">\n\t\t\t<div class=\"elementor-column-wrap elementor-element-populated\">\n\t\t\t\t\t\t\t<div class=\"elementor-widget-wrap\">\n\t\t\t\t\t\t<div class=\"elementor-element elementor-element-b855505 elementor-grid-1 elementor-posts--thumbnail-left elementor-grid-tablet-2 elementor-grid-mobile-1 elementor-widget elementor-widget-posts\" data-id=\"b855505\" data-element_type=\"widget\" data-settings=\"{&quot;classic_columns&quot;:&quot;1&quot;,&quot;classic_columns_tablet&quot;:&quot;2&quot;,&quot;classic_columns_mobile&quot;:&quot;1&quot;,&quot;classic_row_gap&quot;:{&quot;unit&quot;:&quot;px&quot;,&quot;size&quot;:35,&quot;sizes&quot;:[]},&quot;classic_row_gap_tablet&quot;:{&quot;unit&quot;:&quot;px&quot;,&quot;size&quot;:&quot;&quot;,&quot;sizes&quot;:[]},&quot;classic_row_gap_mobile&quot;:{&quot;unit&quot;:&quot;px&quot;,&quot;size&quot;:&quot;&quot;,&quot;sizes&quot;:[]}}\" data-widget_type=\"posts.classic\">\n\t\t\t\t<div class=\"elementor-widget-container\">\n\t\t\t\t\t<div class=\"elementor-posts-container elementor-posts elementor-posts--skin-classic elementor-grid\">\n\t\t\t\t<article class=\"elementor-post elementor-grid-item post-3528 post type-post status-publish format-standard hentry category-sulamerica-saude entry\">\n\t\t\t\t<div class=\"elementor-post__text\">\n\t\t\t\t<h3 class=\"elementor-post__title\">\n\t\t\t<a href=\"https:\/\/www.planodesaudebelem.com.br\/site\/plano-regional-sulamerica-direto-recife-azul\/\" >\n\t\t\t\tPlano Regional SulAm\u00e9rica Direto Recife Azul\t\t\t<\/a>\n\t\t<\/h3>\n\t\t\t\t<div class=\"elementor-post__meta-data\">\n\t\t\t\t\t<span class=\"elementor-post-date\">\n\t\t\t28 de dezembro de 2020\t\t<\/span>\n\t\t\t\t<span class=\"elementor-post-avatar\">\n\t\t\tNenhum coment\u00e1rio\t\t<\/span>\n\t\t\t\t<\/div>\n\t\t\t\t<div class=\"elementor-post__excerpt\">\n\t\t\t<p>SulAm\u00e9rica Direto Recife Azul Plano Regional O bem-estar dos funcion\u00e1rios \u00e9 fundamental para o sucesso da sua empresa. Por isso, conte com SulAm\u00e9rica Sa\u00fade na<\/p>\n\t\t<\/div>\n\t\t\n\t\t<a class=\"elementor-post__read-more\" href=\"https:\/\/www.planodesaudebelem.com.br\/site\/plano-regional-sulamerica-direto-recife-azul\/\" aria-label=\"Read more about Plano Regional SulAm\u00e9rica Direto Recife Azul\" >\n\t\t\tLeia Mais \u00bb\t\t<\/a>\n\n\t\t\t\t<\/div>\n\t\t\t\t<\/article>\n\t\t\t\t<article class=\"elementor-post elementor-grid-item post-3526 post type-post status-publish format-standard hentry category-sulamerica-saude entry\">\n\t\t\t\t<div class=\"elementor-post__text\">\n\t\t\t\t<h3 class=\"elementor-post__title\">\n\t\t\t<a href=\"https:\/\/www.planodesaudebelem.com.br\/site\/plano-regional-sulamerica-direto-sampa-azul\/\" >\n\t\t\t\tPlano Regional SulAm\u00e9rica Direto Sampa Azul\t\t\t<\/a>\n\t\t<\/h3>\n\t\t\t\t<div class=\"elementor-post__meta-data\">\n\t\t\t\t\t<span class=\"elementor-post-date\">\n\t\t\t28 de dezembro de 2020\t\t<\/span>\n\t\t\t\t<span class=\"elementor-post-avatar\">\n\t\t\tNenhum coment\u00e1rio\t\t<\/span>\n\t\t\t\t<\/div>\n\t\t\t\t<div class=\"elementor-post__excerpt\">\n\t\t\t<p>SulAm\u00e9rica Direto Sampa Azul Plano Regional O bem-estar dos funcion\u00e1rios \u00e9 fundamental para o sucesso da sua empresa. Por isso, conte com SulAm\u00e9rica Sa\u00fade na<\/p>\n\t\t<\/div>\n\t\t\n\t\t<a class=\"elementor-post__read-more\" href=\"https:\/\/www.planodesaudebelem.com.br\/site\/plano-regional-sulamerica-direto-sampa-azul\/\" aria-label=\"Read more about Plano Regional SulAm\u00e9rica Direto Sampa Azul\" >\n\t\t\tLeia Mais \u00bb\t\t<\/a>\n\n\t\t\t\t<\/div>\n\t\t\t\t<\/article>\n\t\t\t\t<article class=\"elementor-post elementor-grid-item post-3524 post type-post status-publish format-standard hentry category-sulamerica-saude entry\">\n\t\t\t\t<div class=\"elementor-post__text\">\n\t\t\t\t<h3 class=\"elementor-post__title\">\n\t\t\t<a href=\"https:\/\/www.planodesaudebelem.com.br\/site\/plano-regional-sulamerica-direto-joao-pessoa\/\" >\n\t\t\t\tPlano Regional SulAm\u00e9rica Direto Jo\u00e3o Pessoa\t\t\t<\/a>\n\t\t<\/h3>\n\t\t\t\t<div class=\"elementor-post__meta-data\">\n\t\t\t\t\t<span class=\"elementor-post-date\">\n\t\t\t28 de dezembro de 2020\t\t<\/span>\n\t\t\t\t<span class=\"elementor-post-avatar\">\n\t\t\tNenhum coment\u00e1rio\t\t<\/span>\n\t\t\t\t<\/div>\n\t\t\t\t<div class=\"elementor-post__excerpt\">\n\t\t\t<p>SulAm\u00e9rica Direto Jo\u00e3o Pessoa Plano Regional O bem-estar dos funcion\u00e1rios \u00e9 fundamental para o sucesso da sua empresa. Por isso, conte com SulAm\u00e9rica Sa\u00fade na<\/p>\n\t\t<\/div>\n\t\t\n\t\t<a class=\"elementor-post__read-more\" href=\"https:\/\/www.planodesaudebelem.com.br\/site\/plano-regional-sulamerica-direto-joao-pessoa\/\" aria-label=\"Read more about Plano Regional SulAm\u00e9rica Direto Jo\u00e3o Pessoa\" >\n\t\t\tLeia Mais \u00bb\t\t<\/a>\n\n\t\t\t\t<\/div>\n\t\t\t\t<\/article>\n\t\t\t\t<article class=\"elementor-post elementor-grid-item post-3522 post type-post status-publish format-standard hentry category-sulamerica-saude entry\">\n\t\t\t\t<div class=\"elementor-post__text\">\n\t\t\t\t<h3 class=\"elementor-post__title\">\n\t\t\t<a href=\"https:\/\/www.planodesaudebelem.com.br\/site\/plano-regional-sulamerica-direto-campinas\/\" >\n\t\t\t\tPlano Regional SulAm\u00e9rica Direto Campinas\t\t\t<\/a>\n\t\t<\/h3>\n\t\t\t\t<div class=\"elementor-post__meta-data\">\n\t\t\t\t\t<span class=\"elementor-post-date\">\n\t\t\t28 de dezembro de 2020\t\t<\/span>\n\t\t\t\t<span class=\"elementor-post-avatar\">\n\t\t\tNenhum coment\u00e1rio\t\t<\/span>\n\t\t\t\t<\/div>\n\t\t\t\t<div class=\"elementor-post__excerpt\">\n\t\t\t<p>SulAm\u00e9rica Direto Campinas Plano Regional O bem-estar dos funcion\u00e1rios \u00e9 fundamental para o sucesso da sua empresa. Por isso, conte com SulAm\u00e9rica Sa\u00fade na hora<\/p>\n\t\t<\/div>\n\t\t\n\t\t<a class=\"elementor-post__read-more\" href=\"https:\/\/www.planodesaudebelem.com.br\/site\/plano-regional-sulamerica-direto-campinas\/\" aria-label=\"Read more about Plano Regional SulAm\u00e9rica Direto Campinas\" >\n\t\t\tLeia Mais \u00bb\t\t<\/a>\n\n\t\t\t\t<\/div>\n\t\t\t\t<\/article>\n\t\t\t\t<article class=\"elementor-post elementor-grid-item post-3519 post type-post status-publish format-standard hentry category-sulamerica-saude entry\">\n\t\t\t\t<div class=\"elementor-post__text\">\n\t\t\t\t<h3 class=\"elementor-post__title\">\n\t\t\t<a href=\"https:\/\/www.planodesaudebelem.com.br\/site\/plano-regional-sulamerica-direto-curitiba\/\" >\n\t\t\t\tPlano Regional SulAm\u00e9rica Direto Curitiba\t\t\t<\/a>\n\t\t<\/h3>\n\t\t\t\t<div class=\"elementor-post__meta-data\">\n\t\t\t\t\t<span class=\"elementor-post-date\">\n\t\t\t28 de dezembro de 2020\t\t<\/span>\n\t\t\t\t<span class=\"elementor-post-avatar\">\n\t\t\tNenhum coment\u00e1rio\t\t<\/span>\n\t\t\t\t<\/div>\n\t\t\t\t<div class=\"elementor-post__excerpt\">\n\t\t\t<p>SulAm\u00e9rica Direto Curitiba Plano Regional O bem-estar dos funcion\u00e1rios \u00e9 fundamental para o sucesso da sua empresa. Por isso, conte com SulAm\u00e9rica Sa\u00fade na hora<\/p>\n\t\t<\/div>\n\t\t\n\t\t<a class=\"elementor-post__read-more\" href=\"https:\/\/www.planodesaudebelem.com.br\/site\/plano-regional-sulamerica-direto-curitiba\/\" aria-label=\"Read more about Plano Regional SulAm\u00e9rica Direto Curitiba\" >\n\t\t\tLeia Mais \u00bb\t\t<\/a>\n\n\t\t\t\t<\/div>\n\t\t\t\t<\/article>\n\t\t\t\t<article class=\"elementor-post elementor-grid-item post-3517 post type-post status-publish format-standard hentry category-sulamerica-saude entry\">\n\t\t\t\t<div class=\"elementor-post__text\">\n\t\t\t\t<h3 class=\"elementor-post__title\">\n\t\t\t<a href=\"https:\/\/www.planodesaudebelem.com.br\/site\/plano-regional-sulamerica-direto-sampa-branco\/\" >\n\t\t\t\tPlano Regional SulAm\u00e9rica Direto Sampa Branco\t\t\t<\/a>\n\t\t<\/h3>\n\t\t\t\t<div class=\"elementor-post__meta-data\">\n\t\t\t\t\t<span class=\"elementor-post-date\">\n\t\t\t28 de dezembro de 2020\t\t<\/span>\n\t\t\t\t<span class=\"elementor-post-avatar\">\n\t\t\tNenhum coment\u00e1rio\t\t<\/span>\n\t\t\t\t<\/div>\n\t\t\t\t<div class=\"elementor-post__excerpt\">\n\t\t\t<p>SulAm\u00e9rica Direto Sampa Branco Plano Regional O bem-estar dos funcion\u00e1rios \u00e9 fundamental para o sucesso da sua empresa. Por isso, conte com SulAm\u00e9rica Sa\u00fade na<\/p>\n\t\t<\/div>\n\t\t\n\t\t<a class=\"elementor-post__read-more\" href=\"https:\/\/www.planodesaudebelem.com.br\/site\/plano-regional-sulamerica-direto-sampa-branco\/\" aria-label=\"Read more about Plano Regional SulAm\u00e9rica Direto Sampa Branco\" >\n\t\t\tLeia Mais \u00bb\t\t<\/a>\n\n\t\t\t\t<\/div>\n\t\t\t\t<\/article>\n\t\t\t\t<article class=\"elementor-post elementor-grid-item post-3515 post type-post status-publish format-standard hentry category-sulamerica-saude entry\">\n\t\t\t\t<div class=\"elementor-post__text\">\n\t\t\t\t<h3 class=\"elementor-post__title\">\n\t\t\t<a href=\"https:\/\/www.planodesaudebelem.com.br\/site\/plano-regional-sulamerica-direto-rio\/\" >\n\t\t\t\tPlano Regional SulAm\u00e9rica Direto Rio\t\t\t<\/a>\n\t\t<\/h3>\n\t\t\t\t<div class=\"elementor-post__meta-data\">\n\t\t\t\t\t<span class=\"elementor-post-date\">\n\t\t\t28 de dezembro de 2020\t\t<\/span>\n\t\t\t\t<span class=\"elementor-post-avatar\">\n\t\t\tNenhum coment\u00e1rio\t\t<\/span>\n\t\t\t\t<\/div>\n\t\t\t\t<div class=\"elementor-post__excerpt\">\n\t\t\t<p>SulAm\u00e9rica Direto Rio Plano Regional O bem-estar dos funcion\u00e1rios \u00e9 fundamental para o sucesso da sua empresa. Por isso, conte com SulAm\u00e9rica Sa\u00fade na hora<\/p>\n\t\t<\/div>\n\t\t\n\t\t<a class=\"elementor-post__read-more\" href=\"https:\/\/www.planodesaudebelem.com.br\/site\/plano-regional-sulamerica-direto-rio\/\" aria-label=\"Read more about Plano Regional SulAm\u00e9rica Direto Rio\" >\n\t\t\tLeia Mais \u00bb\t\t<\/a>\n\n\t\t\t\t<\/div>\n\t\t\t\t<\/article>\n\t\t\t\t<article class=\"elementor-post elementor-grid-item post-3513 post type-post status-publish format-standard hentry category-sulamerica-saude entry\">\n\t\t\t\t<div class=\"elementor-post__text\">\n\t\t\t\t<h3 class=\"elementor-post__title\">\n\t\t\t<a href=\"https:\/\/www.planodesaudebelem.com.br\/site\/plano-nacional-sulamerica-saude-empresarial-a-partir-de-100-pessoas\/\" >\n\t\t\t\tPlano Nacional SulAm\u00e9rica Sa\u00fade Empresarial (a partir de 100 pessoas)\t\t\t<\/a>\n\t\t<\/h3>\n\t\t\t\t<div class=\"elementor-post__meta-data\">\n\t\t\t\t\t<span class=\"elementor-post-date\">\n\t\t\t28 de dezembro de 2020\t\t<\/span>\n\t\t\t\t<span class=\"elementor-post-avatar\">\n\t\t\tNenhum coment\u00e1rio\t\t<\/span>\n\t\t\t\t<\/div>\n\t\t\t\t<div class=\"elementor-post__excerpt\">\n\t\t\t<p>SulAm\u00e9rica Sa\u00fade Empresarial (a partir de 100 pessoas) Plano Nacional O bem-estar dos funcion\u00e1rios \u00e9 fundamental para o sucesso da sua empresa. Por isso, conte<\/p>\n\t\t<\/div>\n\t\t\n\t\t<a class=\"elementor-post__read-more\" href=\"https:\/\/www.planodesaudebelem.com.br\/site\/plano-nacional-sulamerica-saude-empresarial-a-partir-de-100-pessoas\/\" aria-label=\"Read more about Plano Nacional SulAm\u00e9rica Sa\u00fade Empresarial (a partir de 100 pessoas)\" >\n\t\t\tLeia Mais \u00bb\t\t<\/a>\n\n\t\t\t\t<\/div>\n\t\t\t\t<\/article>\n\t\t\t\t<article class=\"elementor-post elementor-grid-item post-3511 post type-post status-publish format-standard hentry category-sulamerica-saude entry\">\n\t\t\t\t<div class=\"elementor-post__text\">\n\t\t\t\t<h3 class=\"elementor-post__title\">\n\t\t\t<a href=\"https:\/\/www.planodesaudebelem.com.br\/site\/plano-nacional-sulamerica-saude-pme-mais-30-a-99-pessoas\/\" >\n\t\t\t\tPlano Nacional SulAm\u00e9rica Sa\u00fade PME Mais (30 a 99 pessoas)\t\t\t<\/a>\n\t\t<\/h3>\n\t\t\t\t<div class=\"elementor-post__meta-data\">\n\t\t\t\t\t<span class=\"elementor-post-date\">\n\t\t\t28 de dezembro de 2020\t\t<\/span>\n\t\t\t\t<span class=\"elementor-post-avatar\">\n\t\t\tNenhum coment\u00e1rio\t\t<\/span>\n\t\t\t\t<\/div>\n\t\t\t\t<div class=\"elementor-post__excerpt\">\n\t\t\t<p>SulAm\u00e9rica Sa\u00fade PME Mais (30 a 99 pessoas) Plano Nacional O bem-estar dos colaboradores \u00e9 fundamental para o sucesso da sua empresa. Por isso, conte<\/p>\n\t\t<\/div>\n\t\t\n\t\t<a class=\"elementor-post__read-more\" href=\"https:\/\/www.planodesaudebelem.com.br\/site\/plano-nacional-sulamerica-saude-pme-mais-30-a-99-pessoas\/\" aria-label=\"Read more about Plano Nacional SulAm\u00e9rica Sa\u00fade PME Mais (30 a 99 pessoas)\" >\n\t\t\tLeia Mais \u00bb\t\t<\/a>\n\n\t\t\t\t<\/div>\n\t\t\t\t<\/article>\n\t\t\t\t<article class=\"elementor-post elementor-grid-item post-3509 post type-post status-publish format-standard hentry category-sulamerica-saude entry\">\n\t\t\t\t<div class=\"elementor-post__text\">\n\t\t\t\t<h3 class=\"elementor-post__title\">\n\t\t\t<a href=\"https:\/\/www.planodesaudebelem.com.br\/site\/plano-nacional-sulamerica-saude-pme-03-a-29-pessoas\/\" >\n\t\t\t\tPlano Nacional SulAm\u00e9rica Sa\u00fade PME (03 a 29 pessoas)\t\t\t<\/a>\n\t\t<\/h3>\n\t\t\t\t<div class=\"elementor-post__meta-data\">\n\t\t\t\t\t<span class=\"elementor-post-date\">\n\t\t\t28 de dezembro de 2020\t\t<\/span>\n\t\t\t\t<span class=\"elementor-post-avatar\">\n\t\t\tNenhum coment\u00e1rio\t\t<\/span>\n\t\t\t\t<\/div>\n\t\t\t\t<div class=\"elementor-post__excerpt\">\n\t\t\t<p>SulAm\u00e9rica Sa\u00fade PME (03 a 29 pessoas) Plano Nacional &nbsp; O bem-estar dos funcion\u00e1rios \u00e9 fundamental para o sucesso da sua empresa. Por isso, conte<\/p>\n\t\t<\/div>\n\t\t\n\t\t<a class=\"elementor-post__read-more\" href=\"https:\/\/www.planodesaudebelem.com.br\/site\/plano-nacional-sulamerica-saude-pme-03-a-29-pessoas\/\" aria-label=\"Read more about Plano Nacional SulAm\u00e9rica Sa\u00fade PME (03 a 29 pessoas)\" >\n\t\t\tLeia Mais \u00bb\t\t<\/a>\n\n\t\t\t\t<\/div>\n\t\t\t\t<\/article>\n\t\t\t\t<\/div>\n\t\t\n\t\t\t\t<\/div>\n\t\t\t\t<\/div>\n\t\t\t\t\t\t<\/div>\n\t\t\t\t\t<\/div>\n\t\t<\/div>\n\t\t\t\t\t\t\t\t<\/div>\n\t\t\t\t\t<\/div>\n\t\t<\/section>\n\t\t\t\t\t\t\t\t\t<\/div>\n\t\t\t<\/div>\n\t\t\t\t\t<\/div>\n\t\t","protected":false},"excerpt":{"rendered":"<p>Dom Joaquim Sanchez de Larragoiti foi o respons\u00e1vel por inovar no mercado de assist\u00eancia de medicina com o plano Sulam\u00e9rica. A partir dessa atitude, todos os brasileiros come\u00e7aram a aproveitar o melhor em aux\u00edlio e cuidado m\u00e9dico, o que tornou o grupo uma refer\u00eancia para aqueles que desejam aproveitar melhor a vida. Assim, ter mais [&hellip;]<\/p>\n","protected":false},"author":4,"featured_media":3646,"comment_status":"closed","ping_status":"closed","sticky":false,"template":"","format":"standard","meta":[],"categories":[4,6],"tags":[],"_links":{"self":[{"href":"https:\/\/www.planodesaudebelem.com.br\/site\/wp-json\/wp\/v2\/posts\/27"}],"collection":[{"href":"https:\/\/www.planodesaudebelem.com.br\/site\/wp-json\/wp\/v2\/posts"}],"about":[{"href":"https:\/\/www.planodesaudebelem.com.br\/site\/wp-json\/wp\/v2\/types\/post"}],"author":[{"embeddable":true,"href":"https:\/\/www.planodesaudebelem.com.br\/site\/wp-json\/wp\/v2\/users\/4"}],"replies":[{"embeddable":true,"href":"https:\/\/www.planodesaudebelem.com.br\/site\/wp-json\/wp\/v2\/comments?post=27"}],"version-history":[{"count":5,"href":"https:\/\/www.planodesaudebelem.com.br\/site\/wp-json\/wp\/v2\/posts\/27\/revisions"}],"predecessor-version":[{"id":3645,"href":"https:\/\/www.planodesaudebelem.com.br\/site\/wp-json\/wp\/v2\/posts\/27\/revisions\/3645"}],"wp:featuredmedia":[{"embeddable":true,"href":"https:\/\/www.planodesaudebelem.com.br\/site\/wp-json\/wp\/v2\/media\/3646"}],"wp:attachment":[{"href":"https:\/\/www.planodesaudebelem.com.br\/site\/wp-json\/wp\/v2\/media?parent=27"}],"wp:term":[{"taxonomy":"category","embeddable":true,"href":"https:\/\/www.planodesaudebelem.com.br\/site\/wp-json\/wp\/v2\/categories?post=27"},{"taxonomy":"post_tag","embeddable":true,"href":"https:\/\/www.planodesaudebelem.com.br\/site\/wp-json\/wp\/v2\/tags?post=27"}],"curies":[{"name":"wp","href":"https:\/\/api.w.org\/{rel}","templated":true}]}}