{"id":160,"date":"2016-05-20T22:23:12","date_gmt":"2016-05-21T01:23:12","guid":{"rendered":"http:\/\/www.planosdesaudesp.net\/?page_id=160"},"modified":"2021-01-04T10:56:01","modified_gmt":"2021-01-04T13:56:01","slug":"plano-de-saude-pme-belem","status":"publish","type":"post","link":"https:\/\/www.planodesaudebelem.com.br\/site\/plano-de-saude-pme-belem\/","title":{"rendered":"Plano de Sa\u00fade PME Bel\u00e9m"},"content":{"rendered":"<p><span style=\"font-weight: 400;\">O <\/span><b>Plano de Sa\u00fade PME Bel\u00e9m <\/b><span style=\"font-weight: 400;\">\u00e9 uma \u00f3tima alternativa para as pessoas que desejam cuidar da sa\u00fade de forma mais completa e coerente. Por isso, os contratantes podem aproveitar o atendimento mais qualificado que tamb\u00e9m abrange pequenos e m\u00e9dios empreendedores.<\/span><\/p>\n<p><span style=\"font-weight: 400;\">Mais qualidade de vida e comodidade de sa\u00fade no mercado brasileiro \u00e9 poss\u00edvel com os planos no formato PME. Esse plano oferece em seu modo de contrata\u00e7\u00e3o mais privil\u00e9gios que facilitam os tr\u00e2mites de microempres\u00e1rios. Na sua regi\u00e3o, voc\u00ea ter\u00e1 as maiores regalias do segmento. Conhe\u00e7a melhor as bandeiras abaixo:<\/span><\/p>\n<p><b>Amil<\/b><\/p>\n<ul>\n<li style=\"font-weight: 400;\"><span style=\"font-weight: 400;\">As ap\u00f3lices do grupo de medicina Amil se caracterizam por PME Porte I e PME Porte II<\/span><\/li>\n<li style=\"font-weight: 400;\"><span style=\"font-weight: 400;\">As acomoda\u00e7\u00f5es de quarto podem ser coletivo ou particular, com op\u00e7\u00f5es de coparticipa\u00e7\u00e3o ou sem e uma abrang\u00eancia de grupo de munic\u00edpios ou nacional<\/span><\/li>\n<li style=\"font-weight: 400;\"><span style=\"font-weight: 400;\">A Amil disponibiliza as subdivis\u00f5es Amil 200, Amil 400, Amil 500 e Amil 700 em seu rol para pequenos e m\u00e9dios empres\u00e1rios<\/span><\/li>\n<\/ul>\n<p><b>SulAm\u00e9rica<\/b><\/p>\n<ul>\n<li style=\"font-weight: 400;\"><span style=\"font-weight: 400;\">Desde quando surgiu, h\u00e1 120 anos, a SulAm\u00e9rica vem crescendo, agregando usu\u00e1rios, parceiros e vencendo diversos pr\u00eamios<\/span><\/li>\n<li style=\"font-weight: 400;\"><span style=\"font-weight: 400;\">Hoje sua rede referenciada engloba cerca de 15 mil consult\u00f3rios e cl\u00ednicas, aproximadamente 3 mil centros de diagn\u00f3sticos, 1.5 mil hospitais e algumas op\u00e7\u00f5es de reembolso<\/span><\/li>\n<li style=\"font-weight: 400;\"><span style=\"font-weight: 400;\">H\u00e1 tamb\u00e9m uma infinidade de farm\u00e1cias e parceiros que chegam ao n\u00famero de quase 9 mil, com rem\u00e9dios que s\u00e3o cotados com at\u00e9 65% de desconto<\/span><\/li>\n<li style=\"font-weight: 400;\"><span style=\"font-weight: 400;\">A SulAm\u00e9rica disponibiliza na sua plataforma de <\/span><b>Plano de Sa\u00fade PME Bel\u00e9m <\/b><span style=\"font-weight: 400;\">os modelos Exato, Cl\u00e1ssico, Executivo, Especial 100 e Prestige<\/span><\/li>\n<li style=\"font-weight: 400;\"><span style=\"font-weight: 400;\">A SulAm\u00e9rica faz a categoriza\u00e7\u00e3o de seus produtos de pequenas e m\u00e9dias empresas em PME (3 a 29 vidas) e PME Mais (30 a 99 vidas)<\/span><\/li>\n<li style=\"font-weight: 400;\"><span style=\"font-weight: 400;\">As formas de contrato da SulAm\u00e9rica podem ser contratadas vi<\/span><span style=\"font-weight: 400;\">a Ambulatorial\/Hospitalar com Obstetr\u00edcia e Hospitalar com Obstetr\u00edcia<\/span><\/li>\n<\/ul>\n<p><b>Bradesco<\/b><\/p>\n<ul>\n<li style=\"font-weight: 400;\"><span style=\"font-weight: 400;\">Essa bandeira se destaca no ramo de seguros gerais h\u00e1 um longo tempo, mas o seu foco com sa\u00fade se iniciou em 1984<\/span><\/li>\n<li style=\"font-weight: 400;\"><span style=\"font-weight: 400;\">Atualmente, o Bradesco Sa\u00fade possui as linhas de planos Premium, Nacional Plus, Nacional e Nacional Flex, que contam com vantagens e benef\u00edcios como reembolso, ampla rede referenciada, coberturas adicionais, remiss\u00e3o, assist\u00eancia pessoal para coberturas especiais 24 horas, entre outros<\/span><\/li>\n<li style=\"font-weight: 400;\"><span style=\"font-weight: 400;\">Seus m\u00e9todos de contrata\u00e7\u00e3o promovem a flexibilidade e a seguran\u00e7a necess\u00e1ria para garantir o bem-estar de seus funcion\u00e1rios, com reembolso das despesas cobertas em todos os planos dentro dos limites contratuais e a isen\u00e7\u00e3o total ou parcial de car\u00eancias<\/span><\/li>\n<li style=\"font-weight: 400;\"><span style=\"font-weight: 400;\">Suas modalidades se diferenciam em SPG 3 (3 a 29 vidas), SPG 30 (30 a 99 vidas) e SPG 100 (100 a 199 vidas)<\/span><\/li>\n<\/ul>\n","protected":false},"excerpt":{"rendered":"<p>O Plano de Sa\u00fade PME Bel\u00e9m \u00e9 uma \u00f3tima alternativa para as pessoas que desejam cuidar da sa\u00fade de forma mais completa e coerente. Por isso, os contratantes podem aproveitar o atendimento mais qualificado que tamb\u00e9m abrange pequenos e m\u00e9dios empreendedores. Mais qualidade de vida e comodidade de sa\u00fade no mercado brasileiro \u00e9 poss\u00edvel com [&hellip;]<\/p>\n","protected":false},"author":4,"featured_media":185,"comment_status":"closed","ping_status":"closed","sticky":false,"template":"","format":"standard","meta":[],"categories":[2],"tags":[],"_links":{"self":[{"href":"https:\/\/www.planodesaudebelem.com.br\/site\/wp-json\/wp\/v2\/posts\/160"}],"collection":[{"href":"https:\/\/www.planodesaudebelem.com.br\/site\/wp-json\/wp\/v2\/posts"}],"about":[{"href":"https:\/\/www.planodesaudebelem.com.br\/site\/wp-json\/wp\/v2\/types\/post"}],"author":[{"embeddable":true,"href":"https:\/\/www.planodesaudebelem.com.br\/site\/wp-json\/wp\/v2\/users\/4"}],"replies":[{"embeddable":true,"href":"https:\/\/www.planodesaudebelem.com.br\/site\/wp-json\/wp\/v2\/comments?post=160"}],"version-history":[{"count":2,"href":"https:\/\/www.planodesaudebelem.com.br\/site\/wp-json\/wp\/v2\/posts\/160\/revisions"}],"predecessor-version":[{"id":3642,"href":"https:\/\/www.planodesaudebelem.com.br\/site\/wp-json\/wp\/v2\/posts\/160\/revisions\/3642"}],"wp:featuredmedia":[{"embeddable":true,"href":"https:\/\/www.planodesaudebelem.com.br\/site\/wp-json\/wp\/v2\/media\/185"}],"wp:attachment":[{"href":"https:\/\/www.planodesaudebelem.com.br\/site\/wp-json\/wp\/v2\/media?parent=160"}],"wp:term":[{"taxonomy":"category","embeddable":true,"href":"https:\/\/www.planodesaudebelem.com.br\/site\/wp-json\/wp\/v2\/categories?post=160"},{"taxonomy":"post_tag","embeddable":true,"href":"https:\/\/www.planodesaudebelem.com.br\/site\/wp-json\/wp\/v2\/tags?post=160"}],"curies":[{"name":"wp","href":"https:\/\/api.w.org\/{rel}","templated":true}]}}