{"id":158,"date":"2016-05-20T22:22:46","date_gmt":"2016-05-21T01:22:46","guid":{"rendered":"http:\/\/www.planosdesaudesp.net\/?page_id=158"},"modified":"2021-01-04T10:56:08","modified_gmt":"2021-01-04T13:56:08","slug":"plano-de-saude-empresarial-belem","status":"publish","type":"post","link":"https:\/\/www.planodesaudebelem.com.br\/site\/plano-de-saude-empresarial-belem\/","title":{"rendered":"Plano de Sa\u00fade Empresarial Bel\u00e9m"},"content":{"rendered":"<p><span style=\"font-weight: 400;\">\u00c9 fato que as empresas atualmente s\u00e3o excelentes formas de melhorar a vida dos colaboradores. Mas isso n\u00e3o est\u00e1 voltado apenas para o \u00e2mbito financeiro, pois muitas companhias se preocupam com a sa\u00fade dos seus funcion\u00e1rios e por isso desenvolveram uma estrat\u00e9gia de beneficiar cada um com assist\u00eancia de medicina qualificada. No mercado, as empresas que mais se destacam s\u00e3o essas. Assim, \u00e9 recomendado que todos contratem o <\/span><b>Plano de Sa\u00fade Empresarial Bel\u00e9m.<\/b><\/p>\n<p><span style=\"font-weight: 400;\">Contratar uma ap\u00f3lice nesse perfil j\u00e1 se tornou realidade pois as bandeiras de medicina mais tradicionais do segmento oferecem o melhor em cuidado e tranquilidade. Por isso, a maior seguran\u00e7a de adquirir uma ap\u00f3lice nesse formato est\u00e1 por causa da sua \u00f3tima<\/span><span style=\"font-weight: 400;\"> alternativa contra casos de absente\u00edsmo. Veja abaixo um pouco mais sobre as principais equipes que oferecem servi\u00e7os completos de medicina nesse setor:<\/span><\/p>\n<p><b>Amil<\/b><\/p>\n<ul>\n<li style=\"font-weight: 400;\"><span style=\"font-weight: 400;\">O grupo Amil entende que uma empresa alcan\u00e7a o sucesso quando os funcion\u00e1rios conseguem desfrutar a vida com h\u00e1bitos e cuidados mais saud\u00e1veis e isso se inclui aos valores de integridade, compaix\u00e3o, relacionamentos, inova\u00e7\u00e3o e performance a Amil instaurou para ofertar assist\u00eancia \u00e0 sa\u00fade com qualidade e efici\u00eancia. <\/span><\/li>\n<li style=\"font-weight: 400;\"><span style=\"font-weight: 400;\">As plataformas de contrata\u00e7\u00e3o dentro do <\/span><b>Plano de Sa\u00fade Empresarial Bel\u00e9m <\/b><span style=\"font-weight: 400;\">se apresentam como Amil 200, Amil 400, Amil 500 e Amil 700. J\u00e1 as abrang\u00eancias s\u00e3o em \u00e2mbito nacional ou atrav\u00e9s do grupo de munic\u00edpios, com op\u00e7\u00f5es de coparticipa\u00e7\u00e3o ou sem coparticipa\u00e7\u00e3o e acomoda\u00e7\u00e3o de quarto Coletivo ou Particular.<\/span><\/li>\n<\/ul>\n<p><b>SulAm\u00e9rica<\/b><\/p>\n<ul>\n<li style=\"font-weight: 400;\"><span style=\"font-weight: 400;\">Dentro do <\/span><b>Plano de Sa\u00fade Empresarial Bel\u00e9m, <\/b><span style=\"font-weight: 400;\">o SulAm\u00e9rica Sa\u00fade<\/span><span style=\"font-weight: 400;\"> \u00e9 uma op\u00e7\u00e3o para empres\u00e1rios com 100 ou mais colaboradores e tamb\u00e9m com o recurso PME e PME Mais, que englobam de 3 a 99 vidas. O plano SulAm\u00e9rica a partir de 100 vidas oferece todos as modalidades em abrang\u00eancia nacional e proporciona o privil\u00e9gio para coberturas que v\u00e3o al\u00e9m do que est\u00e1 estabelecido no rol da ANS (Ag\u00eancia Nacional de Sa\u00fade Suplementar) pela lei 9656, de 1998. <\/span><\/li>\n<\/ul>\n<p><b>Bradesco<\/b><\/p>\n<ul>\n<li style=\"font-weight: 400;\"><span style=\"font-weight: 400;\">O<\/span><span style=\"font-weight: 400;\">s produtos da Bradesco s\u00e3o oferecidos <\/span><b>Plano de Sa\u00fade Empresarial Bel\u00e9m <\/b><span style=\"font-weight: 400;\">com as formas SPG 100 (de 100 a 199 vidas, com isen\u00e7\u00e3o de car\u00eancias, CPT, atendimento p\u00f3s-venda e ferramentas para a realiza\u00e7\u00e3o da gest\u00e3o do benef\u00edcio), Empresarial 200 e Empresarial 500 com a flexibilidade Bradesco que permite o encaixe nas plataformas <\/span><span style=\"font-weight: 400;\">Premium, Nacional Plus, Nacional e Nacional Flex. <\/span><\/li>\n<\/ul>\n","protected":false},"excerpt":{"rendered":"<p>\u00c9 fato que as empresas atualmente s\u00e3o excelentes formas de melhorar a vida dos colaboradores. Mas isso n\u00e3o est\u00e1 voltado apenas para o \u00e2mbito financeiro, pois muitas companhias se preocupam com a sa\u00fade dos seus funcion\u00e1rios e por isso desenvolveram uma estrat\u00e9gia de beneficiar cada um com assist\u00eancia de medicina qualificada. No mercado, as empresas [&hellip;]<\/p>\n","protected":false},"author":4,"featured_media":186,"comment_status":"closed","ping_status":"closed","sticky":false,"template":"","format":"standard","meta":[],"categories":[2],"tags":[],"_links":{"self":[{"href":"https:\/\/www.planodesaudebelem.com.br\/site\/wp-json\/wp\/v2\/posts\/158"}],"collection":[{"href":"https:\/\/www.planodesaudebelem.com.br\/site\/wp-json\/wp\/v2\/posts"}],"about":[{"href":"https:\/\/www.planodesaudebelem.com.br\/site\/wp-json\/wp\/v2\/types\/post"}],"author":[{"embeddable":true,"href":"https:\/\/www.planodesaudebelem.com.br\/site\/wp-json\/wp\/v2\/users\/4"}],"replies":[{"embeddable":true,"href":"https:\/\/www.planodesaudebelem.com.br\/site\/wp-json\/wp\/v2\/comments?post=158"}],"version-history":[{"count":2,"href":"https:\/\/www.planodesaudebelem.com.br\/site\/wp-json\/wp\/v2\/posts\/158\/revisions"}],"predecessor-version":[{"id":3643,"href":"https:\/\/www.planodesaudebelem.com.br\/site\/wp-json\/wp\/v2\/posts\/158\/revisions\/3643"}],"wp:featuredmedia":[{"embeddable":true,"href":"https:\/\/www.planodesaudebelem.com.br\/site\/wp-json\/wp\/v2\/media\/186"}],"wp:attachment":[{"href":"https:\/\/www.planodesaudebelem.com.br\/site\/wp-json\/wp\/v2\/media?parent=158"}],"wp:term":[{"taxonomy":"category","embeddable":true,"href":"https:\/\/www.planodesaudebelem.com.br\/site\/wp-json\/wp\/v2\/categories?post=158"},{"taxonomy":"post_tag","embeddable":true,"href":"https:\/\/www.planodesaudebelem.com.br\/site\/wp-json\/wp\/v2\/tags?post=158"}],"curies":[{"name":"wp","href":"https:\/\/api.w.org\/{rel}","templated":true}]}}