{"id":154,"date":"2016-05-20T22:21:43","date_gmt":"2016-05-21T01:21:43","guid":{"rendered":"http:\/\/www.planosdesaudesp.net\/?page_id=154"},"modified":"2021-01-04T10:56:27","modified_gmt":"2021-01-04T13:56:27","slug":"plano-de-saude-individual-belem","status":"publish","type":"post","link":"https:\/\/www.planodesaudebelem.com.br\/site\/plano-de-saude-individual-belem\/","title":{"rendered":"Plano de Sa\u00fade Individual Bel\u00e9m"},"content":{"rendered":"<p><span style=\"font-weight: 400;\">As bandeiras que oferecem o <\/span><b>Plano de Sa\u00fade Individual Bel\u00e9m <\/b><span style=\"font-weight: 400;\">t\u00eam diversas particularidades e caracter\u00edsticas importantes que deve ser analisadas para que haja um esclarecimento melhor sobre os tr\u00e2mites contratuais. Tudo isso acontece pois \u00e9 importante que haja uma rela\u00e7\u00e3o de proximidade entre as bandeiras, a equipe de consultoria e o cliente. Assim, a confian\u00e7a cresce e as pessoas passam a perceber que cuidar da sa\u00fade est\u00e1 mais f\u00e1cil do que se imagina.<\/span><\/p>\n<p><span style=\"font-weight: 400;\">O<\/span><b> Plano de Sa\u00fade Individual Bel\u00e9m <\/b><span style=\"font-weight: 400;\">foi desenvolvido como uma plataforma de medicina que garante ao consumidor mais acesso de sa\u00fade. Por isso, os clientes passam a desfrutar de uma enorme rede credenciada, o que engloba hospitais, cl\u00ednicas, centros de atendimento e outros setores de medicina que est\u00e3o qualificados para promover o bem-estar. As modalidades desenvolvidas pelo <\/span><b>Plano de Sa\u00fade Individual Bel\u00e9m <\/b><span style=\"font-weight: 400;\">funcionam atrav\u00e9s do alto n\u00edvel de fiscaliza\u00e7\u00e3o da ANS (Ag\u00eancia Nacional de Sa\u00fade Suplementar).<\/span><\/p>\n<p><span style=\"font-weight: 400;\">Conhe\u00e7a agora um pouco sobre as principais bandeiras no mercado e escolha o produto que mais lhe conv\u00e9m:<\/span><\/p>\n<p><b>Amil<\/b><\/p>\n<ul>\n<li style=\"font-weight: 400;\"><span style=\"font-weight: 400;\">O grupo Amil possui v\u00e1rias particularidades interessantes com o seu interesse<\/span><\/li>\n<li style=\"font-weight: 400;\"><span style=\"font-weight: 400;\">A equipe teve funda\u00e7\u00e3o no Rio de Janeiro e seu crescimento se espalhou por todo o pa\u00eds<\/span><\/li>\n<li style=\"font-weight: 400;\"><span style=\"font-weight: 400;\">A Amil lida com sa\u00fade, pois trata tanto casos de urg\u00eancia e emerg\u00eancia quanto com aux\u00edlio preventivo<\/span><\/li>\n<li style=\"font-weight: 400;\"><span style=\"font-weight: 400;\">Essa bandeira exerce suas atividades a partir de conceitos de integridade e compaix\u00e3o ao maior n\u00famero de pessoas poss\u00edvel<\/span><\/li>\n<\/ul>\n<p><b>SulAm\u00e9rica<\/b><\/p>\n<ul>\n<li style=\"font-weight: 400;\"><span style=\"font-weight: 400;\">A equipe SulAm\u00e9rica est\u00e1 h\u00e1 120 anos lidando com seguros no Brasil<\/span><\/li>\n<li style=\"font-weight: 400;\"><span style=\"font-weight: 400;\">O benef\u00edcio de sa\u00fade SulAm\u00e9rica inclui coberturas adicionais al\u00e9m do m\u00ednimo estabelecido pela Ag\u00eancia Nacional de Sa\u00fade Suplementar (ANS)<\/span><\/li>\n<li style=\"font-weight: 400;\"><span style=\"font-weight: 400;\">Seus principais servi\u00e7os incluem atividades de <\/span><span style=\"font-weight: 400;\">Escleroterapia, Fonoaudiologia, Psicomotricidade\u00a0e Transplantes<\/span><\/li>\n<\/ul>\n<p><b>Bradesco<\/b><\/p>\n<ul>\n<li style=\"font-weight: 400;\"><span style=\"font-weight: 400;\">O Bradesco Sa\u00fade sempre teve a flexibilidade como diferencial na sua venda de planos de sa\u00fade. <\/span><\/li>\n<li style=\"font-weight: 400;\"><span style=\"font-weight: 400;\">As principais linhas de planos s\u00e3o Premium, Nacional Plus, Nacional e Nacional Flex<\/span><\/li>\n<li style=\"font-weight: 400;\"><span style=\"font-weight: 400;\">Os planos contam com vantagens e benef\u00edcios como reembolso, ampla rede referenciada, coberturas adicionais, o programa Meu Doutor Bradesco Sa\u00fade, remiss\u00e3o, assist\u00eancia pessoal para coberturas especiais 24 horas, entre outros<\/span><\/li>\n<\/ul>\n","protected":false},"excerpt":{"rendered":"<p>As bandeiras que oferecem o Plano de Sa\u00fade Individual Bel\u00e9m t\u00eam diversas particularidades e caracter\u00edsticas importantes que deve ser analisadas para que haja um esclarecimento melhor sobre os tr\u00e2mites contratuais. Tudo isso acontece pois \u00e9 importante que haja uma rela\u00e7\u00e3o de proximidade entre as bandeiras, a equipe de consultoria e o cliente. Assim, a confian\u00e7a [&hellip;]<\/p>\n","protected":false},"author":4,"featured_media":210,"comment_status":"closed","ping_status":"closed","sticky":false,"template":"","format":"standard","meta":[],"categories":[2],"tags":[],"_links":{"self":[{"href":"https:\/\/www.planodesaudebelem.com.br\/site\/wp-json\/wp\/v2\/posts\/154"}],"collection":[{"href":"https:\/\/www.planodesaudebelem.com.br\/site\/wp-json\/wp\/v2\/posts"}],"about":[{"href":"https:\/\/www.planodesaudebelem.com.br\/site\/wp-json\/wp\/v2\/types\/post"}],"author":[{"embeddable":true,"href":"https:\/\/www.planodesaudebelem.com.br\/site\/wp-json\/wp\/v2\/users\/4"}],"replies":[{"embeddable":true,"href":"https:\/\/www.planodesaudebelem.com.br\/site\/wp-json\/wp\/v2\/comments?post=154"}],"version-history":[{"count":1,"href":"https:\/\/www.planodesaudebelem.com.br\/site\/wp-json\/wp\/v2\/posts\/154\/revisions"}],"predecessor-version":[{"id":272,"href":"https:\/\/www.planodesaudebelem.com.br\/site\/wp-json\/wp\/v2\/posts\/154\/revisions\/272"}],"wp:featuredmedia":[{"embeddable":true,"href":"https:\/\/www.planodesaudebelem.com.br\/site\/wp-json\/wp\/v2\/media\/210"}],"wp:attachment":[{"href":"https:\/\/www.planodesaudebelem.com.br\/site\/wp-json\/wp\/v2\/media?parent=154"}],"wp:term":[{"taxonomy":"category","embeddable":true,"href":"https:\/\/www.planodesaudebelem.com.br\/site\/wp-json\/wp\/v2\/categories?post=154"},{"taxonomy":"post_tag","embeddable":true,"href":"https:\/\/www.planodesaudebelem.com.br\/site\/wp-json\/wp\/v2\/tags?post=154"}],"curies":[{"name":"wp","href":"https:\/\/api.w.org\/{rel}","templated":true}]}}